{"id":2485,"date":"2025-09-27T12:38:57","date_gmt":"2025-09-27T11:38:57","guid":{"rendered":"https:\/\/www.photoethistoire.eu\/14-18\/?p=2485"},"modified":"2025-09-27T12:38:57","modified_gmt":"2025-09-27T11:38:57","slug":"gilbert-anaclet-lelard","status":"publish","type":"post","link":"https:\/\/www.photoethistoire.eu\/14-18\/2025\/09\/gilbert-anaclet-lelard\/","title":{"rendered":"Gilbert, Anaclet LELARD"},"content":{"rendered":"\n<p>N\u00e9 le 04\/02\/1884 \u00e0 Dangeau (Eure et Loir). A l&rsquo;\u00e9poque de son service il \u00e9tait domicili\u00e9 \u00e0 Capelle dans la r\u00e9gion de Lille et exer\u00e7ait la profession de Gardien de la Paix. <\/p>\n\n\n\n<p>A mobilisation, il est au 32e Dragons, puis affect\u00e9 au 97e R.I.T en janvier 1916. <\/p>\n\n\n\n<p>De septembre \u00e0 d\u00e9cembre 1916, le 97e est dans la Somme. <\/p>\n\n\n\n<p>Extrait de l&rsquo;Historique du r\u00e9giment :<\/p>\n\n\n\n<p><em>\u00a0\u00bb D\u00e9barqu\u00e9 \u00e0 M\u00e9ricourt le 19 septembre<\/em>, <em>le r\u00e9giment arrivait dans la Somme au moment o\u00f9 l&rsquo;ennemi pliait sous nos coups r\u00e9p\u00e9t\u00e9s. Mais il restait encore redoutable dans cette r\u00e9gion. <\/em><\/p>\n\n\n\n<p><em>D\u00e9tremp\u00e9es par les pluies d&rsquo;automne<\/em> <em>d\u00e9fonc\u00e9e<\/em>s <em>par les obus, les routes \u00e9taient impraticables, la vall\u00e9e de la Somme n&rsquo;\u00e9tait qu&rsquo;un immense mar\u00e9cage.<\/em> <em>Cependant il fallait assurer le ravitaillement des premi\u00e8res lignes qui se d\u00e9pla\u00e7aient sans cesse, et organiser rapidement la d\u00e9fense des positions conquises. Le 97e eut sa bonne part de cette t\u00e2che ingrate mais que tous sentaient indispensable. <\/em><\/p>\n\n\n\n<p><em>Aussi est-ce avec une inlassable activit\u00e9 que les travaux furent entrepris dans la r\u00e9gion de Frise et Curlu et poursuivis ensuite sur le Mont Saint-Quentin entre la For\u00eat et Cl\u00e9ry. \u00a0\u00bb <\/em><\/p>\n\n\n\n<p>C&rsquo;est au cours de ce s\u00e9jour dans la Somme que le soldat Gilbert a \u00e9t\u00e9 bless\u00e9 une premi\u00e8re fois le 30\/10\/1916.  Il sera affect\u00e9 au 403e le 10\/08\/1918. Il est \u00e0 nouveau bless\u00e9 le 27\/10\/1918 du c\u00f4t\u00e9 de Fergeux (Ardennes). Il a heureusement surv\u00e9cu \u00e0 la guerre et a \u00e9t\u00e9 cit\u00e9 \u00e0 trois reprises. <\/p>\n\n\n\n<p>1\u00e8re citation \u00e0 l&rsquo;Ordre du 97e R.I.T le 07\/04\/1916 en ces termes :<\/p>\n\n\n\n<p><strong>\u00ab\u00a0<em>Brave <\/em><\/strong><em><strong>et \u00e9nergique \u00e0 brillamment contribu\u00e9 a repousser une contre-attaque ennemie qui s&rsquo;\u00e9tait d\u00e9clench\u00e9e pendant la nuit du 18 au 19 mars\u00a0\u00bb<\/strong><\/em><\/p>\n\n\n\n<p>2\u00e8me citation \u00e0 l&rsquo;Ordre du m\u00eame r\u00e9giment le 13\/11\/1916 en ces termes :<\/p>\n\n\n\n<p><strong><em>\u00a0\u00bb A fait h\u00e9ro\u00efquement son devoir en d\u00e9gageant dans un saillant de tranch\u00e9e, violemment bombard\u00e9, le 29 octobre, un camarade enseveli sous un abri effondr\u00e9.\u00a0\u00bb <\/em><\/strong><\/p>\n\n\n\n<p>3\u00e8me citation \u00e0 l&rsquo;Ordre du 403e R.I. le 18\/02\/1919 en ces termes :<\/p>\n\n\n\n<p><strong>\u00ab\u00a0<em>Tr\u00e8s bon caporal a fait preuv<\/em>e <em>de courage et d&rsquo;\u00e9nergie pendant les journ\u00e9es des 26-27-28 et 4-5 octobre 1918. 2 blessures\u00a0\u00bb<\/em><\/strong> <\/p>\n\n\n\n<p>Il a \u00e9t\u00e9 d\u00e9cor\u00e9 de la Croix de guerre avec 3 \u00e9toiles de bronze et de la m\u00e9daille militaire. <\/p>\n\n\n\n<p> <\/p>\n","protected":false},"excerpt":{"rendered":"<p>N\u00e9 le 04\/02\/1884 \u00e0 Dangeau (Eure et Loir). A l&rsquo;\u00e9poque de son service il \u00e9tait domicili\u00e9 \u00e0 Capelle dans la r\u00e9gion de Lille et exer\u00e7ait la profession de Gardien de la Paix. A mobilisation, il est au 32e Dragons, puis &hellip; <a href=\"https:\/\/www.photoethistoire.eu\/14-18\/2025\/09\/gilbert-anaclet-lelard\/\">Lire la suite <span class=\"meta-nav\">&rarr;<\/span><\/a><\/p>\n","protected":false},"author":1,"featured_media":0,"comment_status":"closed","ping_status":"open","sticky":false,"template":"","format":"standard","meta":{"footnotes":""},"categories":[2,20],"tags":[],"class_list":["post-2485","post","type-post","status-publish","format-standard","hentry","category-403e","category-cita"],"_links":{"self":[{"href":"https:\/\/www.photoethistoire.eu\/14-18\/wp-json\/wp\/v2\/posts\/2485","targetHints":{"allow":["GET"]}}],"collection":[{"href":"https:\/\/www.photoethistoire.eu\/14-18\/wp-json\/wp\/v2\/posts"}],"about":[{"href":"https:\/\/www.photoethistoire.eu\/14-18\/wp-json\/wp\/v2\/types\/post"}],"author":[{"embeddable":true,"href":"https:\/\/www.photoethistoire.eu\/14-18\/wp-json\/wp\/v2\/users\/1"}],"replies":[{"embeddable":true,"href":"https:\/\/www.photoethistoire.eu\/14-18\/wp-json\/wp\/v2\/comments?post=2485"}],"version-history":[{"count":1,"href":"https:\/\/www.photoethistoire.eu\/14-18\/wp-json\/wp\/v2\/posts\/2485\/revisions"}],"predecessor-version":[{"id":2486,"href":"https:\/\/www.photoethistoire.eu\/14-18\/wp-json\/wp\/v2\/posts\/2485\/revisions\/2486"}],"wp:attachment":[{"href":"https:\/\/www.photoethistoire.eu\/14-18\/wp-json\/wp\/v2\/media?parent=2485"}],"wp:term":[{"taxonomy":"category","embeddable":true,"href":"https:\/\/www.photoethistoire.eu\/14-18\/wp-json\/wp\/v2\/categories?post=2485"},{"taxonomy":"post_tag","embeddable":true,"href":"https:\/\/www.photoethistoire.eu\/14-18\/wp-json\/wp\/v2\/tags?post=2485"}],"curies":[{"name":"wp","href":"https:\/\/api.w.org\/{rel}","templated":true}]}}