{"id":251,"date":"2014-04-10T22:15:37","date_gmt":"2014-04-10T21:15:37","guid":{"rendered":"http:\/\/www.photoethistoire.eu\/14-18\/?p=251"},"modified":"2016-05-20T09:01:53","modified_gmt":"2016-05-20T08:01:53","slug":"arthur-simon-disparu-en-1914","status":"publish","type":"post","link":"https:\/\/www.photoethistoire.eu\/14-18\/2014\/04\/arthur-simon-disparu-en-1914\/","title":{"rendered":"Arthur Simon disparu en 1914"},"content":{"rendered":"<div class=\"image_block\"><img loading=\"lazy\" decoding=\"async\" class=\"aligncenter\" src=\"http:\/\/www.photoethistoire.eu\/blogs\/media\/blogs\/a\/Soldat-perdu.jpg\" alt=\"\" width=\"269\" height=\"375\" \/><\/div>\n<div class=\"image_block\" style=\"text-align: center;\"><em><strong>Arthur, Antoine, Ghislain SIMON<\/strong><\/em><\/div>\n<div class=\"image_block\" style=\"text-align: center;\"><em>Soldat au 13e de Ligne &#8211; 1er Bataillon &#8211; 4e Cie &#8211; matricule 113\/21234<\/em><\/div>\n<div class=\"image_block\" style=\"text-align: center;\"><em>N\u00e9 le 13 mai 1884 \u00e0 Soulme &#8211;\u00a0Port\u00e9 disparu le 24 ao\u00fbt 1914<\/em><\/div>\n<div class=\"image_block\" style=\"text-align: center;\"><em>D\u00e9clar\u00e9 tu\u00e9 \u00e0 l&rsquo;ennemi le 29 ao\u00fbt 1914<\/em><\/div>\n<div class=\"image_block\" style=\"text-align: center;\"><em>(jugement d\u00e9claratif du tribunal de Dinant le 9 mai 1933)<\/em><\/div>\n<div class=\"image_block\" style=\"text-align: center;\"><em>Chevalier de L\u00e9opold II avec palme \u00e0 titre posthume<\/em><\/div>\n<div class=\"image_block\" style=\"text-align: center;\"><em>Croix de Guerre \u00e0 titre posthume<\/em><\/div>\n<p>De ce grand-oncle paternel il ne me reste que cette mauvaise photo et des documents d&rsquo;archives militaires qui attestent des recherches entreprises par l&rsquo;arm\u00e9e et par son fr\u00e8re pour tenter de retrouver ses restes. D&rsquo;apr\u00e8s ces documents il aurait disparu le 24 ao\u00fbt durant la retraite de Namur dans le secteur de Maredret \/ Ermeton-sur-Biert. Mais \u00e0 ce jour les circonstances de sa mort et son lieu d&rsquo;inhumation me sont inconnues.<\/p>\n<p><em>Son nom figure sur le monument \u00a0en m\u00e9moire des gardes forestiers dans la for\u00eat de Soignes<\/em>.<\/p>\n","protected":false},"excerpt":{"rendered":"<p>Arthur, Antoine, Ghislain SIMON Soldat au 13e de Ligne &#8211; 1er Bataillon &#8211; 4e Cie &#8211; matricule 113\/21234 N\u00e9 le 13 mai 1884 \u00e0 Soulme &#8211;\u00a0Port\u00e9 disparu le 24 ao\u00fbt 1914 D\u00e9clar\u00e9 tu\u00e9 \u00e0 l&rsquo;ennemi le 29 ao\u00fbt 1914 (jugement &hellip; <a href=\"https:\/\/www.photoethistoire.eu\/14-18\/2014\/04\/arthur-simon-disparu-en-1914\/\">Lire la suite <span class=\"meta-nav\">&rarr;<\/span><\/a><\/p>\n","protected":false},"author":1,"featured_media":0,"comment_status":"closed","ping_status":"open","sticky":false,"template":"","format":"standard","meta":{"footnotes":""},"categories":[25],"tags":[],"class_list":["post-251","post","type-post","status-publish","format-standard","hentry","category-notres"],"_links":{"self":[{"href":"https:\/\/www.photoethistoire.eu\/14-18\/wp-json\/wp\/v2\/posts\/251","targetHints":{"allow":["GET"]}}],"collection":[{"href":"https:\/\/www.photoethistoire.eu\/14-18\/wp-json\/wp\/v2\/posts"}],"about":[{"href":"https:\/\/www.photoethistoire.eu\/14-18\/wp-json\/wp\/v2\/types\/post"}],"author":[{"embeddable":true,"href":"https:\/\/www.photoethistoire.eu\/14-18\/wp-json\/wp\/v2\/users\/1"}],"replies":[{"embeddable":true,"href":"https:\/\/www.photoethistoire.eu\/14-18\/wp-json\/wp\/v2\/comments?post=251"}],"version-history":[{"count":1,"href":"https:\/\/www.photoethistoire.eu\/14-18\/wp-json\/wp\/v2\/posts\/251\/revisions"}],"predecessor-version":[{"id":252,"href":"https:\/\/www.photoethistoire.eu\/14-18\/wp-json\/wp\/v2\/posts\/251\/revisions\/252"}],"wp:attachment":[{"href":"https:\/\/www.photoethistoire.eu\/14-18\/wp-json\/wp\/v2\/media?parent=251"}],"wp:term":[{"taxonomy":"category","embeddable":true,"href":"https:\/\/www.photoethistoire.eu\/14-18\/wp-json\/wp\/v2\/categories?post=251"},{"taxonomy":"post_tag","embeddable":true,"href":"https:\/\/www.photoethistoire.eu\/14-18\/wp-json\/wp\/v2\/tags?post=251"}],"curies":[{"name":"wp","href":"https:\/\/api.w.org\/{rel}","templated":true}]}}