{"id":2623,"date":"2026-03-12T11:01:20","date_gmt":"2026-03-12T10:01:20","guid":{"rendered":"https:\/\/www.photoethistoire.eu\/14-18\/?p=2623"},"modified":"2026-03-12T11:01:20","modified_gmt":"2026-03-12T10:01:20","slug":"alavoine-henri-alphonse-gustave","status":"publish","type":"post","link":"https:\/\/www.photoethistoire.eu\/14-18\/2026\/03\/alavoine-henri-alphonse-gustave\/","title":{"rendered":"ALAVOINE Henri, Alphonse, Gustave"},"content":{"rendered":"\n<p>Il na\u00eet le 6 mars 1890 \u00e0 Paris 10e. <\/p>\n\n\n\n<p>Mobilis\u00e9, le 3 ao\u00fbt 1914 il est vers\u00e9 au 23e Dragons. Sur sa demande, il part au front le 16 ao\u00fbt de la m\u00eame ann\u00e9e. Il passe au 2e Groupe d&rsquo;aviation en juillet 1915. Nomm\u00e9 caporal en novembre de la m\u00eame ann\u00e9e et pilote en janvier 1916.<\/p>\n\n\n\n<p>En avril 1916 il est d\u00e9tach\u00e9 \u00e0 l&rsquo;\u00e9cole d&rsquo;Avord puis, en mai, \u00e0 celle de Pau. Il est alors au 1er Groupe. Le 19 juillet 1916, il chute d&rsquo;un avion \u00e0 Denguin (Pyr\u00e9n\u00e9es Atlantique) et d\u00e9c\u00e8de des suites de ses blessures \u00e0 l&rsquo;h\u00f4pital mixte de Pau. Il est inhum\u00e9 au cimeti\u00e8re militaire urbain de Pau &#8211; Tb 301.<\/p>\n\n\n\n<p>Dans le journal \u00ab\u00a0Aerophile\u00a0\u00bb du 1er au 15 ao\u00fbt 1916, l&rsquo;annonce de son d\u00e9c\u00e8s nous apprend qui avait pass\u00e9 les \u00e9preuves pour le brevet d&rsquo;aviateur \u00e0 bord d&rsquo;un M FARMAN et obtenu celui-ci le 4 novembre 1915.<\/p>\n\n\n\n<p>En tant que coureur a particip\u00e9 aux Tours de 1909 (30e) -1910 (10e) -1911 (13e) &#8211; 1912 (38e) &#8211; 1913 (qu&rsquo;il termine 25e et lanterne rouge) &#8211; et enfin 1914 (52e)<\/p>\n\n\n\n<p>Une anecdote le concernant est cont\u00e9e par le journaliste R. Desmarets dans le journal Auto-v\u00e9lo du 24 juillet 1902 : <em>\u00ab\u00a0Quelques porte-monnaie mena\u00e7aient ruine, les deux poches se touchant. Et Henri Alavoine a r\u00e9sum\u00e9 pittoresquement la situation en nous disant :\u00a0\u00bbIl \u00e9tait temps qu&rsquo;on touche un peu de bl\u00e9, on \u00e9tait raide comme un passe-lacet\u00a0\u00bb. <\/em><\/p>\n\n\n\n<p>Il avait un fr\u00e8re, Jean, lui aussi coureur cycliste. Celui-ci termina 2e du Tour en 1919-1922-1923 &#8211; 3e en 1909 et 1914. Il remporta \u00e9galement 17 victoires d&rsquo;\u00e9tapes. <\/p>\n\n\n\n<p>Sources : <a href=\"https:\/\/gallica.bnf.fr\/\"><strong><em>BNF Gallica<\/em><\/strong><\/a> &#8211; <a href=\"https:\/\/www.memoiredeshommes.defense.gouv.fr\/\"><strong><em>M\u00e9moire des Hommes<\/em><\/strong><\/a><\/p>\n\n\n\n<p><\/p>\n","protected":false},"excerpt":{"rendered":"<p>Il na\u00eet le 6 mars 1890 \u00e0 Paris 10e. Mobilis\u00e9, le 3 ao\u00fbt 1914 il est vers\u00e9 au 23e Dragons. Sur sa demande, il part au front le 16 ao\u00fbt de la m\u00eame ann\u00e9e. Il passe au 2e Groupe d&rsquo;aviation &hellip; <a href=\"https:\/\/www.photoethistoire.eu\/14-18\/2026\/03\/alavoine-henri-alphonse-gustave\/\">Lire la suite <span class=\"meta-nav\">&rarr;<\/span><\/a><\/p>\n","protected":false},"author":1,"featured_media":0,"comment_status":"closed","ping_status":"open","sticky":false,"template":"","format":"standard","meta":{"footnotes":""},"categories":[70],"tags":[],"class_list":["post-2623","post","type-post","status-publish","format-standard","hentry","category-tour"],"_links":{"self":[{"href":"https:\/\/www.photoethistoire.eu\/14-18\/wp-json\/wp\/v2\/posts\/2623","targetHints":{"allow":["GET"]}}],"collection":[{"href":"https:\/\/www.photoethistoire.eu\/14-18\/wp-json\/wp\/v2\/posts"}],"about":[{"href":"https:\/\/www.photoethistoire.eu\/14-18\/wp-json\/wp\/v2\/types\/post"}],"author":[{"embeddable":true,"href":"https:\/\/www.photoethistoire.eu\/14-18\/wp-json\/wp\/v2\/users\/1"}],"replies":[{"embeddable":true,"href":"https:\/\/www.photoethistoire.eu\/14-18\/wp-json\/wp\/v2\/comments?post=2623"}],"version-history":[{"count":5,"href":"https:\/\/www.photoethistoire.eu\/14-18\/wp-json\/wp\/v2\/posts\/2623\/revisions"}],"predecessor-version":[{"id":2648,"href":"https:\/\/www.photoethistoire.eu\/14-18\/wp-json\/wp\/v2\/posts\/2623\/revisions\/2648"}],"wp:attachment":[{"href":"https:\/\/www.photoethistoire.eu\/14-18\/wp-json\/wp\/v2\/media?parent=2623"}],"wp:term":[{"taxonomy":"category","embeddable":true,"href":"https:\/\/www.photoethistoire.eu\/14-18\/wp-json\/wp\/v2\/categories?post=2623"},{"taxonomy":"post_tag","embeddable":true,"href":"https:\/\/www.photoethistoire.eu\/14-18\/wp-json\/wp\/v2\/tags?post=2623"}],"curies":[{"name":"wp","href":"https:\/\/api.w.org\/{rel}","templated":true}]}}