{"id":2649,"date":"2026-03-12T11:57:23","date_gmt":"2026-03-12T10:57:23","guid":{"rendered":"https:\/\/www.photoethistoire.eu\/14-18\/?p=2649"},"modified":"2026-03-12T11:57:23","modified_gmt":"2026-03-12T10:57:23","slug":"batilly-andre","status":"publish","type":"post","link":"https:\/\/www.photoethistoire.eu\/14-18\/2026\/03\/batilly-andre\/","title":{"rendered":"BATILLY Andr\u00e9"},"content":{"rendered":"\n<p>Il semble peu connu dans les milieux cyclistes de l&rsquo;\u00e9poque et les renseignements le concernant sont succincts. On sait qu&rsquo;il participe, en tant qu&rsquo;ind\u00e9pendant, au Tour de France en 1913 et contraint \u00e0 l&rsquo;abandon lors de la 1\u00e8re \u00e9tape (Paris-Le Havre). <\/p>\n\n\n\n<p>N\u00e9 le 2 juillet 1893 \u00e0 Paris 12e, il est comptable \u00e0 l&rsquo;\u00e9poque de son service en 1903. Mobilis\u00e9 en 1914 au sein du 3e Bataillon de Chasseurs \u00e0 Pied (3e BCP) o\u00f9 il est caporal. Il disparait au combat \u00e0 Aix-Noulette (Pas de Calais). <\/p>\n\n\n\n<p>Sur sa fiche matricule il est mentionn\u00e9 qu&rsquo;il a \u00e9t\u00e9 gri\u00e8vement bless\u00e9 et pr\u00e9sum\u00e9 prisonnier. Mais aucune trace de lui dans les recherches faites sur le site du Comit\u00e9 International de la Croix-Rouge (CIRC) consacr\u00e9 aux prisonniers de la premi\u00e8re guerre mondiale. <\/p>\n\n\n\n<p>Le journal officiel de la r\u00e9publique fran\u00e7aise en date 01\/09\/1922 nous apprend qu&rsquo;il a \u00e9t\u00e9 cit\u00e9 en ces termes : <em><strong>\u00ab\u00a0Caporal courageux et \u00e9nergique. Tomb\u00e9 glorieusement pour la France le 25\/05\/1915\u00a0\u00bb<\/strong><\/em><\/p>\n\n\n\n<p>Il a \u00e9t\u00e9 d\u00e9cor\u00e9 de la Croix de guerre avec \u00e9toile de bronze. <\/p>\n\n\n\n<p><\/p>\n","protected":false},"excerpt":{"rendered":"<p>Il semble peu connu dans les milieux cyclistes de l&rsquo;\u00e9poque et les renseignements le concernant sont succincts. On sait qu&rsquo;il participe, en tant qu&rsquo;ind\u00e9pendant, au Tour de France en 1913 et contraint \u00e0 l&rsquo;abandon lors de la 1\u00e8re \u00e9tape (Paris-Le &hellip; <a href=\"https:\/\/www.photoethistoire.eu\/14-18\/2026\/03\/batilly-andre\/\">Lire la suite <span class=\"meta-nav\">&rarr;<\/span><\/a><\/p>\n","protected":false},"author":1,"featured_media":0,"comment_status":"closed","ping_status":"open","sticky":false,"template":"","format":"standard","meta":{"footnotes":""},"categories":[70],"tags":[],"class_list":["post-2649","post","type-post","status-publish","format-standard","hentry","category-tour"],"_links":{"self":[{"href":"https:\/\/www.photoethistoire.eu\/14-18\/wp-json\/wp\/v2\/posts\/2649","targetHints":{"allow":["GET"]}}],"collection":[{"href":"https:\/\/www.photoethistoire.eu\/14-18\/wp-json\/wp\/v2\/posts"}],"about":[{"href":"https:\/\/www.photoethistoire.eu\/14-18\/wp-json\/wp\/v2\/types\/post"}],"author":[{"embeddable":true,"href":"https:\/\/www.photoethistoire.eu\/14-18\/wp-json\/wp\/v2\/users\/1"}],"replies":[{"embeddable":true,"href":"https:\/\/www.photoethistoire.eu\/14-18\/wp-json\/wp\/v2\/comments?post=2649"}],"version-history":[{"count":1,"href":"https:\/\/www.photoethistoire.eu\/14-18\/wp-json\/wp\/v2\/posts\/2649\/revisions"}],"predecessor-version":[{"id":2650,"href":"https:\/\/www.photoethistoire.eu\/14-18\/wp-json\/wp\/v2\/posts\/2649\/revisions\/2650"}],"wp:attachment":[{"href":"https:\/\/www.photoethistoire.eu\/14-18\/wp-json\/wp\/v2\/media?parent=2649"}],"wp:term":[{"taxonomy":"category","embeddable":true,"href":"https:\/\/www.photoethistoire.eu\/14-18\/wp-json\/wp\/v2\/categories?post=2649"},{"taxonomy":"post_tag","embeddable":true,"href":"https:\/\/www.photoethistoire.eu\/14-18\/wp-json\/wp\/v2\/tags?post=2649"}],"curies":[{"name":"wp","href":"https:\/\/api.w.org\/{rel}","templated":true}]}}