{"id":2651,"date":"2026-03-12T13:37:47","date_gmt":"2026-03-12T12:37:47","guid":{"rendered":"https:\/\/www.photoethistoire.eu\/14-18\/?p=2651"},"modified":"2026-03-12T13:44:25","modified_gmt":"2026-03-12T12:44:25","slug":"besnier-emile-eugene-constant","status":"publish","type":"post","link":"https:\/\/www.photoethistoire.eu\/14-18\/2026\/03\/besnier-emile-eugene-constant\/","title":{"rendered":"BESNIER Emile, Eug\u00e8ne, Constant"},"content":{"rendered":"\n<p>Il est n\u00e9 le 7 juillet 1889 \u00e0 Versailles. A l&rsquo;\u00e9poque de son service, en 1910, il \u00e9tait employ\u00e9 de commerce. Sur sa fiche matricule il est renseign\u00e9 comme soutien de famille. Il effectue son service au 39e R.I. \u00e0 Rouen. Mobilis\u00e9 en ao\u00fbt 14 au sein de ce m\u00eame r\u00e9giment. <\/p>\n\n\n\n<p>En feuilletant les pages du J.M.O du r\u00e9giment, on en apprend un peu plus sur les circonstances qui ont amen\u00e9 \u00e0 son d\u00e9c\u00e8s. Le r\u00e9giment se trouve alors dans la r\u00e9gion de Neuville-St Vaast (Pas-de-Calais)<\/p>\n\n\n\n<p>Extrait du J.M.O : <strong><em>\u00ab\u00a023 juillet &#8211; de 20h \u00e0 23h une vingtaine d&rsquo;obus de 77 et 105 tombent sur les tranch\u00e9es de 1\u00e8re ligne. 1 homme tu\u00e9 et 1 bless\u00e9\u00a0\u00bb. <\/em><\/strong><\/p>\n\n\n\n<p>Emile est donc bless\u00e9 lors de ce bombardement. Et il l&rsquo;est gri\u00e8vement car il d\u00e9c\u00e8dera des suites de ses blessures le 31 juillet suivant \u00e0 l&rsquo;h\u00f4pital d&rsquo;\u00e9vacuation n\u00b05 d&rsquo;Aubigny-en-Artois (Pas-de-Calais). <\/p>\n\n\n\n<p>Il est inhum\u00e9 en la n\u00e9cropole nationale d&rsquo;Aubigny-en-Artois &#8211; Rang 1 &#8211; Tb 18<\/p>\n\n\n\n<p>En tant que coureur il participe notamment au Tour de France 1910 (Coureur professionnel individuel) durant lequel il est contraint \u00e0 l&rsquo;abandon lors de la 10e \u00e9tape (Bayonne-Luchon)<\/p>\n\n\n<div class=\"wp-block-image\">\n<figure class=\"aligncenter size-full\"><img loading=\"lazy\" decoding=\"async\" width=\"130\" height=\"190\" src=\"https:\/\/www.photoethistoire.eu\/14-18\/wp-content\/uploads\/2026\/03\/Emile-Besnier-coureur-cycliste.jpeg\" alt=\"\" class=\"wp-image-2652\"\/><\/figure><\/div>\n\n\n<p class=\"has-text-align-center\">Emile Besnier en 1910<\/p>\n\n\n\n<p>Source de la photo : <a href=\"https:\/\/gallica.bnf.fr\/ark:\/12148\/bpt6k4625750n\"><strong><em>https:\/\/gallica.bnf.fr\/ark:\/12148\/bpt6k4625750<\/em><\/strong>n<\/a><\/p>\n\n\n\n<p><\/p>\n","protected":false},"excerpt":{"rendered":"<p>Il est n\u00e9 le 7 juillet 1889 \u00e0 Versailles. A l&rsquo;\u00e9poque de son service, en 1910, il \u00e9tait employ\u00e9 de commerce. Sur sa fiche matricule il est renseign\u00e9 comme soutien de famille. Il effectue son service au 39e R.I. \u00e0 &hellip; <a href=\"https:\/\/www.photoethistoire.eu\/14-18\/2026\/03\/besnier-emile-eugene-constant\/\">Lire la suite <span class=\"meta-nav\">&rarr;<\/span><\/a><\/p>\n","protected":false},"author":1,"featured_media":0,"comment_status":"closed","ping_status":"open","sticky":false,"template":"","format":"standard","meta":{"footnotes":""},"categories":[70],"tags":[],"class_list":["post-2651","post","type-post","status-publish","format-standard","hentry","category-tour"],"_links":{"self":[{"href":"https:\/\/www.photoethistoire.eu\/14-18\/wp-json\/wp\/v2\/posts\/2651","targetHints":{"allow":["GET"]}}],"collection":[{"href":"https:\/\/www.photoethistoire.eu\/14-18\/wp-json\/wp\/v2\/posts"}],"about":[{"href":"https:\/\/www.photoethistoire.eu\/14-18\/wp-json\/wp\/v2\/types\/post"}],"author":[{"embeddable":true,"href":"https:\/\/www.photoethistoire.eu\/14-18\/wp-json\/wp\/v2\/users\/1"}],"replies":[{"embeddable":true,"href":"https:\/\/www.photoethistoire.eu\/14-18\/wp-json\/wp\/v2\/comments?post=2651"}],"version-history":[{"count":3,"href":"https:\/\/www.photoethistoire.eu\/14-18\/wp-json\/wp\/v2\/posts\/2651\/revisions"}],"predecessor-version":[{"id":2656,"href":"https:\/\/www.photoethistoire.eu\/14-18\/wp-json\/wp\/v2\/posts\/2651\/revisions\/2656"}],"wp:attachment":[{"href":"https:\/\/www.photoethistoire.eu\/14-18\/wp-json\/wp\/v2\/media?parent=2651"}],"wp:term":[{"taxonomy":"category","embeddable":true,"href":"https:\/\/www.photoethistoire.eu\/14-18\/wp-json\/wp\/v2\/categories?post=2651"},{"taxonomy":"post_tag","embeddable":true,"href":"https:\/\/www.photoethistoire.eu\/14-18\/wp-json\/wp\/v2\/tags?post=2651"}],"curies":[{"name":"wp","href":"https:\/\/api.w.org\/{rel}","templated":true}]}}