{"id":2657,"date":"2026-03-13T11:40:00","date_gmt":"2026-03-13T10:40:00","guid":{"rendered":"https:\/\/www.photoethistoire.eu\/14-18\/?p=2657"},"modified":"2026-03-13T11:42:32","modified_gmt":"2026-03-13T10:42:32","slug":"bronchard-georges","status":"publish","type":"post","link":"https:\/\/www.photoethistoire.eu\/14-18\/2026\/03\/bronchard-georges\/","title":{"rendered":"BRONCHARD Georges"},"content":{"rendered":"\n<p>Il est n\u00e9 le 21 janvier 1887 \u00e0 Saint-Mamm\u00e8s (Seine et Marne). A l&rsquo;\u00e9poque de son service (1907) il \u00e9tait d\u00e9j\u00e0 coureur cycliste. En mars 1915 il est affect\u00e9 \u00e0 la 5eme Section d&rsquo;Infirmiers et passe \u00e0 la 16\u00e8me Section en octobre 1917.<\/p>\n\n\n\n<p>On sait o\u00f9 il a \u00e9t\u00e9 bless\u00e9, seulement qu&rsquo;il est d\u00e9c\u00e9d\u00e9 des suites de ses blessures \u00e0 l&rsquo;ambulance 247 de Villers-sur-Coudun (Oise). <\/p>\n\n\n\n<p>Pour son action sur le terrain il a \u00e9t\u00e9 cit\u00e9 en ces termes :<\/p>\n\n\n\n<p><strong><em>\u00ab\u00a0Soldat de 1\u00e8re classe de r\u00e9serve \u00e0 la 16e section de brancardier divisionnaire &#8211; soldat d&rsquo;un courage et d&rsquo;un d\u00e9vouement exemplaires. A \u00e9t\u00e9 bless\u00e9 gri\u00e8vement en accomplissant tr\u00e8s vaillamment son devoir.\u00a0\u00bb<\/em><\/strong><\/p>\n\n\n\n<p>Il a \u00e9t\u00e9 d\u00e9cor\u00e9 de la M\u00e9daille militaire et de la Croix de guerre avec palme.<\/p>\n\n\n\n<p>Georges Bronchard \u00e9tait mari\u00e9 et p\u00e8re d&rsquo;un enfant. <\/p>\n\n\n\n<p>En tant que coureur cycliste professionnel il participe, en ind\u00e9pendant, au Tours de 1906 (14e) -1907 (21e) &#8211; 1908 (29e) &#8211; 1909 durant lequel il abandonne \u00e0 la 3e \u00e9tape Metz-Belfort. <\/p>\n\n\n\n<p>Sources : <strong><em><a href=\"https:\/\/www.memoiredeshommes.defense.gouv.fr\/\">M\u00e9moire des Hommes<\/a><\/em><\/strong> &#8211; <strong><em><a href=\"https:\/\/archives.seine-et-marne.fr\/fr\/archives-en-ligne\">Archives d\u00e9partementales de Seine et Marne<\/a><\/em><\/strong><\/p>\n","protected":false},"excerpt":{"rendered":"<p>Il est n\u00e9 le 21 janvier 1887 \u00e0 Saint-Mamm\u00e8s (Seine et Marne). A l&rsquo;\u00e9poque de son service (1907) il \u00e9tait d\u00e9j\u00e0 coureur cycliste. En mars 1915 il est affect\u00e9 \u00e0 la 5eme Section d&rsquo;Infirmiers et passe \u00e0 la 16\u00e8me Section &hellip; <a href=\"https:\/\/www.photoethistoire.eu\/14-18\/2026\/03\/bronchard-georges\/\">Lire la suite <span class=\"meta-nav\">&rarr;<\/span><\/a><\/p>\n","protected":false},"author":1,"featured_media":0,"comment_status":"closed","ping_status":"open","sticky":false,"template":"","format":"standard","meta":{"footnotes":""},"categories":[70],"tags":[],"class_list":["post-2657","post","type-post","status-publish","format-standard","hentry","category-tour"],"_links":{"self":[{"href":"https:\/\/www.photoethistoire.eu\/14-18\/wp-json\/wp\/v2\/posts\/2657","targetHints":{"allow":["GET"]}}],"collection":[{"href":"https:\/\/www.photoethistoire.eu\/14-18\/wp-json\/wp\/v2\/posts"}],"about":[{"href":"https:\/\/www.photoethistoire.eu\/14-18\/wp-json\/wp\/v2\/types\/post"}],"author":[{"embeddable":true,"href":"https:\/\/www.photoethistoire.eu\/14-18\/wp-json\/wp\/v2\/users\/1"}],"replies":[{"embeddable":true,"href":"https:\/\/www.photoethistoire.eu\/14-18\/wp-json\/wp\/v2\/comments?post=2657"}],"version-history":[{"count":3,"href":"https:\/\/www.photoethistoire.eu\/14-18\/wp-json\/wp\/v2\/posts\/2657\/revisions"}],"predecessor-version":[{"id":2660,"href":"https:\/\/www.photoethistoire.eu\/14-18\/wp-json\/wp\/v2\/posts\/2657\/revisions\/2660"}],"wp:attachment":[{"href":"https:\/\/www.photoethistoire.eu\/14-18\/wp-json\/wp\/v2\/media?parent=2657"}],"wp:term":[{"taxonomy":"category","embeddable":true,"href":"https:\/\/www.photoethistoire.eu\/14-18\/wp-json\/wp\/v2\/categories?post=2657"},{"taxonomy":"post_tag","embeddable":true,"href":"https:\/\/www.photoethistoire.eu\/14-18\/wp-json\/wp\/v2\/tags?post=2657"}],"curies":[{"name":"wp","href":"https:\/\/api.w.org\/{rel}","templated":true}]}}