{"id":2661,"date":"2026-03-13T18:39:03","date_gmt":"2026-03-13T17:39:03","guid":{"rendered":"https:\/\/www.photoethistoire.eu\/14-18\/?p=2661"},"modified":"2026-03-13T18:39:03","modified_gmt":"2026-03-13T17:39:03","slug":"cartigny-albert-eugene","status":"publish","type":"post","link":"https:\/\/www.photoethistoire.eu\/14-18\/2026\/03\/cartigny-albert-eugene\/","title":{"rendered":"CARTIGNY Albert, Eug\u00e8ne"},"content":{"rendered":"\n<p>Originaire des Ardennes, il est n\u00e9 le 14 d\u00e9cembre 1892 dans le petit village de Taillette (situ\u00e9 \u00e0 3 km \u00e0 l&rsquo;ouest de Rocroi). A l&rsquo;\u00e9poque de son service en 1912, sa fiche matricule mentionne qu&rsquo;il \u00e9tait agriculteur. Tout jeune il avait cependant d\u00e9j\u00e0 particip\u00e9, en temps qu&rsquo;isol\u00e9, au Tour de France et d&rsquo;apr\u00e8s le journal \u00ab\u00a0Auto V\u00e9lo\u00a0\u00bb, il \u00e9tait destin\u00e9 \u00e0 une carri\u00e8re qui semblait prometteuse. La guerre, h\u00e9las, y mis fin. <\/p>\n\n\n\n<p>Un article du dit journal en date du 18 juin 1912 et consacr\u00e9 au Tour de France qui devait se d\u00e9rouler du 30 juin au 28 juillet, \u00e0 propos d&rsquo;Albert Cartigny on peut lire <strong><em>\u00ab\u00a0Albert Cartigny peut encore compter parmi les champions d&rsquo;avenir. A 17 ans il a fait le Tour de France ind\u00e9pendants. Depuis, ayant acquis une certaine exp\u00e9rience, il progress\u00e9 \u00e9tonnamment. C&rsquo;est un petit gars qu&rsquo;il faudra suivre de tr\u00e8s pr\u00e8s dans la grande randonn\u00e9e. <\/em><\/strong><\/p>\n\n\n\n<p>Dans un autre article du m\u00eame journal en date du 29 mai 1915, on peut lire :<strong><em>\u00ab\u00a0Albert Cartigny un jeune routier qui pourrait bien faire parler de lui dans un avenir rapproch\u00e9\u00a0\u00bb <\/em><\/strong><\/p>\n\n\n\n<p> Il participe notamment aux Tours de 1912 et 1913 mais les deux fois il sera contraint \u00e0 l&rsquo;abandon. <\/p>\n\n\n\n<p>Il effectue son service au 161e R.I. o\u00f9 il arrive en octobre 1913. En avril 1914 il est nomm\u00e9 caporal. Selon sa fiche de d\u00e9c\u00e8s et sa fiche matricule, il disparait le 22 septembre 1914 aux combats de Lamorville (Meuse). <\/p>\n\n\n\n<p>(<em>On trouve dans les archives de la Croix-Rouge consacr\u00e9es \u00e0 la recherche de prisonniers, une fiche renseignant ses noms et pr\u00e9nom ainsi que son r\u00e9giment et compagnie. Mais les dates de sa disparition ainsi que le lieu ne correspondent pas \u00e0 celles fournies par l&rsquo;arm\u00e9e fran\u00e7aise. Cette fiche mentionne \u00ab\u00a0<strong>probablement disparu dans les combats pr\u00e8s d&rsquo;Etain (Meuse) des 22 au 26 ao\u00fbt.\u00a0\u00bb <\/strong>Le 161e R.I. s&rsquo;est en effet battu \u00e0 Mercy-le-Haut \u00e0 30 km au N.E d&rsquo;Etain et \u00e0 ces dates). <\/em><\/p>\n\n\n\n<p><\/p>\n","protected":false},"excerpt":{"rendered":"<p>Originaire des Ardennes, il est n\u00e9 le 14 d\u00e9cembre 1892 dans le petit village de Taillette (situ\u00e9 \u00e0 3 km \u00e0 l&rsquo;ouest de Rocroi). A l&rsquo;\u00e9poque de son service en 1912, sa fiche matricule mentionne qu&rsquo;il \u00e9tait agriculteur. Tout jeune &hellip; <a href=\"https:\/\/www.photoethistoire.eu\/14-18\/2026\/03\/cartigny-albert-eugene\/\">Lire la suite <span class=\"meta-nav\">&rarr;<\/span><\/a><\/p>\n","protected":false},"author":1,"featured_media":0,"comment_status":"closed","ping_status":"open","sticky":false,"template":"","format":"standard","meta":{"footnotes":""},"categories":[70],"tags":[],"class_list":["post-2661","post","type-post","status-publish","format-standard","hentry","category-tour"],"_links":{"self":[{"href":"https:\/\/www.photoethistoire.eu\/14-18\/wp-json\/wp\/v2\/posts\/2661","targetHints":{"allow":["GET"]}}],"collection":[{"href":"https:\/\/www.photoethistoire.eu\/14-18\/wp-json\/wp\/v2\/posts"}],"about":[{"href":"https:\/\/www.photoethistoire.eu\/14-18\/wp-json\/wp\/v2\/types\/post"}],"author":[{"embeddable":true,"href":"https:\/\/www.photoethistoire.eu\/14-18\/wp-json\/wp\/v2\/users\/1"}],"replies":[{"embeddable":true,"href":"https:\/\/www.photoethistoire.eu\/14-18\/wp-json\/wp\/v2\/comments?post=2661"}],"version-history":[{"count":1,"href":"https:\/\/www.photoethistoire.eu\/14-18\/wp-json\/wp\/v2\/posts\/2661\/revisions"}],"predecessor-version":[{"id":2662,"href":"https:\/\/www.photoethistoire.eu\/14-18\/wp-json\/wp\/v2\/posts\/2661\/revisions\/2662"}],"wp:attachment":[{"href":"https:\/\/www.photoethistoire.eu\/14-18\/wp-json\/wp\/v2\/media?parent=2661"}],"wp:term":[{"taxonomy":"category","embeddable":true,"href":"https:\/\/www.photoethistoire.eu\/14-18\/wp-json\/wp\/v2\/categories?post=2661"},{"taxonomy":"post_tag","embeddable":true,"href":"https:\/\/www.photoethistoire.eu\/14-18\/wp-json\/wp\/v2\/tags?post=2661"}],"curies":[{"name":"wp","href":"https:\/\/api.w.org\/{rel}","templated":true}]}}