{"id":278,"date":"2012-11-11T21:31:27","date_gmt":"2012-11-11T20:31:27","guid":{"rendered":"http:\/\/www.photoethistoire.eu\/14-18\/?p=278"},"modified":"2016-05-20T09:01:53","modified_gmt":"2016-05-20T08:01:53","slug":"11-11-2012-necropole-de-chastres-b","status":"publish","type":"post","link":"https:\/\/www.photoethistoire.eu\/14-18\/2012\/11\/11-11-2012-necropole-de-chastres-b\/","title":{"rendered":"11.11.2012 &#8211; N\u00e9cropole de Chastres (B)"},"content":{"rendered":"<p>En ce 11 novembre visite \u00e0 la n\u00e9cropole fran\u00e7aise de Chastre (Brabant-Wallon Belgique).<\/p>\n<p>Ce cimeti\u00e8re renferme principalement les corps de soldats fran\u00e7ais tu\u00e9s en 1940 mais \u00e9galement de poilus d\u00e9c\u00e9d\u00e9s, pour la plupart, fin 1918.<\/p>\n<div class=\"image_block\"><a href=\"http:\/\/www.photoethistoire.eu\/blogs\/media\/blogs\/b\/chastrecim.jpg\"><img loading=\"lazy\" decoding=\"async\" class=\"aligncenter\" title=\"\" src=\"http:\/\/www.photoethistoire.eu\/blogs\/media\/blogs\/b\/chastrecim.jpg\" alt=\"\" width=\"600\" height=\"400\" \/><\/a><\/div>\n","protected":false},"excerpt":{"rendered":"<p>En ce 11 novembre visite \u00e0 la n\u00e9cropole fran\u00e7aise de Chastre (Brabant-Wallon Belgique). Ce cimeti\u00e8re renferme principalement les corps de soldats fran\u00e7ais tu\u00e9s en 1940 mais \u00e9galement de poilus d\u00e9c\u00e9d\u00e9s, pour la plupart, fin 1918.<\/p>\n","protected":false},"author":1,"featured_media":0,"comment_status":"closed","ping_status":"open","sticky":false,"template":"","format":"standard","meta":{"footnotes":""},"categories":[21],"tags":[],"class_list":["post-278","post","type-post","status-publish","format-standard","hentry","category-necropo"],"_links":{"self":[{"href":"https:\/\/www.photoethistoire.eu\/14-18\/wp-json\/wp\/v2\/posts\/278","targetHints":{"allow":["GET"]}}],"collection":[{"href":"https:\/\/www.photoethistoire.eu\/14-18\/wp-json\/wp\/v2\/posts"}],"about":[{"href":"https:\/\/www.photoethistoire.eu\/14-18\/wp-json\/wp\/v2\/types\/post"}],"author":[{"embeddable":true,"href":"https:\/\/www.photoethistoire.eu\/14-18\/wp-json\/wp\/v2\/users\/1"}],"replies":[{"embeddable":true,"href":"https:\/\/www.photoethistoire.eu\/14-18\/wp-json\/wp\/v2\/comments?post=278"}],"version-history":[{"count":1,"href":"https:\/\/www.photoethistoire.eu\/14-18\/wp-json\/wp\/v2\/posts\/278\/revisions"}],"predecessor-version":[{"id":279,"href":"https:\/\/www.photoethistoire.eu\/14-18\/wp-json\/wp\/v2\/posts\/278\/revisions\/279"}],"wp:attachment":[{"href":"https:\/\/www.photoethistoire.eu\/14-18\/wp-json\/wp\/v2\/media?parent=278"}],"wp:term":[{"taxonomy":"category","embeddable":true,"href":"https:\/\/www.photoethistoire.eu\/14-18\/wp-json\/wp\/v2\/categories?post=278"},{"taxonomy":"post_tag","embeddable":true,"href":"https:\/\/www.photoethistoire.eu\/14-18\/wp-json\/wp\/v2\/tags?post=278"}],"curies":[{"name":"wp","href":"https:\/\/api.w.org\/{rel}","templated":true}]}}