{"id":280,"date":"2013-02-12T08:33:18","date_gmt":"2013-02-12T07:33:18","guid":{"rendered":"http:\/\/www.photoethistoire.eu\/14-18\/?p=280"},"modified":"2016-05-20T09:01:53","modified_gmt":"2016-05-20T08:01:53","slug":"un-forcat-patriote","status":"publish","type":"post","link":"https:\/\/www.photoethistoire.eu\/14-18\/2013\/02\/un-forcat-patriote\/","title":{"rendered":"Un for\u00e7at patriote"},"content":{"rendered":"<p>Lu dans le \u00ab\u00a0Journal de Rouen\u00a0\u00bb de septembre 1915.<\/p>\n<blockquote><p><em>Le cas d&rsquo;un for\u00e7at patriote<\/p>\n<p>Le 9 ao\u00fbt dernier, des agents de la s\u00fbret\u00e9 amenaient, \u00e0 la prison de la Sant\u00e9 \u00e0 Paris, un caporal du 14e Territorial, encore mal remis des ses blessures. Cet homme [X&#8230;]n\u00e9 \u00e0 Paris, appartenait \u00e0 une famille fort honorable. Il avait bravement combattu dans les tranch\u00e9es. Mais son pass\u00e9 \u00e9tait lourd de condamnations et m\u00eame il \u00e9tait sous le coup de la peine terrible de la rel\u00e9gation&#8230;Il s&rsquo;\u00e9tait \u00e9vad\u00e9 du bagne il y a quelques vingt ans. Depuis lors il vivait en paix au V\u00e9n\u00e9zuela. Il y exer\u00e7ait le m\u00e9tier de commissaire en caf\u00e9 et jouissait de la consid\u00e9ration g\u00e9n\u00e9rale.<\/p>\n<p>A la d\u00e9claration de guerre, il s&#8217;embarqua de suite pour la France. D\u00e8s son arriv\u00e9e, gr\u00e2ce \u00e0 d&rsquo;excellents certificats, il r\u00e9ussit \u00e0 contracter un engagement.<\/p>\n<p>Envoy\u00e9 sur le front, il s&rsquo;y battait depuis huit mois quand, lors des combats en Artois, il fut bless\u00e9. \u00c9vacu\u00e9 sur Auray, il regagna, apr\u00e8s gu\u00e9rison, son d\u00e9p\u00f4t et fut dirig\u00e9 sur Boulogne.<\/p>\n<p>Il \u00e9tait sur le point de repartir pour la ligne de feu, quand la police &#8211; \u00e0 la suite d&rsquo;une d\u00e9nonciation anonyme &#8211; se mit \u00e0 sa recherche et l&rsquo;appr\u00e9henda. Il fut conduit \u00e0 Paris et r\u00e9incarc\u00e9r\u00e9.<\/p>\n<p>Avant hier matin, le malheureux a \u00e9t\u00e9 dirig\u00e9 sur le d\u00e9p\u00f4t des prisonniers de la Rochelle, d&rsquo;o\u00f9 partent, on le sait, les convois pour la Guyane.<\/p>\n<p>En vain, en effet, il a demand\u00e9 \u00e0 \u00eatre renvoy\u00e9 sur le front. Cette faveur lui a \u00e9t\u00e9 refus\u00e9e. Dura Lex, sed lex. Le for\u00e7at patriote ne pourra donc trouver, au champ d&rsquo;honneur, la r\u00e9habilitation supr\u00eame qu&rsquo;il esp\u00e9rait.<\/em><\/p>\n<p>&nbsp;<\/p><\/blockquote>\n<p><em>(Source : Archives d\u00e9partementales de Seine-Maritime)<\/em><\/p>\n","protected":false},"excerpt":{"rendered":"<p>Lu dans le \u00ab\u00a0Journal de Rouen\u00a0\u00bb de septembre 1915. Le cas d&rsquo;un for\u00e7at patriote Le 9 ao\u00fbt dernier, des agents de la s\u00fbret\u00e9 amenaient, \u00e0 la prison de la Sant\u00e9 \u00e0 Paris, un caporal du 14e Territorial, encore mal remis &hellip; <a href=\"https:\/\/www.photoethistoire.eu\/14-18\/2013\/02\/un-forcat-patriote\/\">Lire la suite <span class=\"meta-nav\">&rarr;<\/span><\/a><\/p>\n","protected":false},"author":1,"featured_media":0,"comment_status":"closed","ping_status":"open","sticky":false,"template":"","format":"standard","meta":{"footnotes":""},"categories":[24],"tags":[],"class_list":["post-280","post","type-post","status-publish","format-standard","hentry","category-histo"],"_links":{"self":[{"href":"https:\/\/www.photoethistoire.eu\/14-18\/wp-json\/wp\/v2\/posts\/280","targetHints":{"allow":["GET"]}}],"collection":[{"href":"https:\/\/www.photoethistoire.eu\/14-18\/wp-json\/wp\/v2\/posts"}],"about":[{"href":"https:\/\/www.photoethistoire.eu\/14-18\/wp-json\/wp\/v2\/types\/post"}],"author":[{"embeddable":true,"href":"https:\/\/www.photoethistoire.eu\/14-18\/wp-json\/wp\/v2\/users\/1"}],"replies":[{"embeddable":true,"href":"https:\/\/www.photoethistoire.eu\/14-18\/wp-json\/wp\/v2\/comments?post=280"}],"version-history":[{"count":1,"href":"https:\/\/www.photoethistoire.eu\/14-18\/wp-json\/wp\/v2\/posts\/280\/revisions"}],"predecessor-version":[{"id":281,"href":"https:\/\/www.photoethistoire.eu\/14-18\/wp-json\/wp\/v2\/posts\/280\/revisions\/281"}],"wp:attachment":[{"href":"https:\/\/www.photoethistoire.eu\/14-18\/wp-json\/wp\/v2\/media?parent=280"}],"wp:term":[{"taxonomy":"category","embeddable":true,"href":"https:\/\/www.photoethistoire.eu\/14-18\/wp-json\/wp\/v2\/categories?post=280"},{"taxonomy":"post_tag","embeddable":true,"href":"https:\/\/www.photoethistoire.eu\/14-18\/wp-json\/wp\/v2\/tags?post=280"}],"curies":[{"name":"wp","href":"https:\/\/api.w.org\/{rel}","templated":true}]}}