{"id":282,"date":"2012-08-31T08:36:28","date_gmt":"2012-08-31T07:36:28","guid":{"rendered":"http:\/\/www.photoethistoire.eu\/14-18\/?p=282"},"modified":"2016-05-20T09:01:53","modified_gmt":"2016-05-20T08:01:53","slug":"14-18-groupe-de-poilus","status":"publish","type":"post","link":"https:\/\/www.photoethistoire.eu\/14-18\/2012\/08\/14-18-groupe-de-poilus\/","title":{"rendered":"14-18 Groupe de poilus"},"content":{"rendered":"<div class=\"image_block\"><a href=\"http:\/\/www.photoethistoire.eu\/blogs\/media\/blogs\/a\/cartesphotos\/groupepoilus2.jpg\"><img loading=\"lazy\" decoding=\"async\" class=\"aligncenter\" title=\"\" src=\"http:\/\/www.photoethistoire.eu\/blogs\/media\/blogs\/a\/cartesphotos\/groupepoilus2.jpg\" alt=\"\" width=\"600\" height=\"413\" \/><\/a><\/div>\n<p style=\"text-align: left;\">A moins qu&rsquo;au hasard de la toile un visiteur de passage n&rsquo;identifie l&rsquo;un d&rsquo;entre-eux, voici une carte-photo non \u00e9crite d&rsquo;un autre groupe de poilus qui me demeureront inconnus.<\/p>\n<p style=\"text-align: left;\">Quant \u00e0 savoir \u00e0 quelle \u00e9poque la photo a \u00e9t\u00e9 prise, les arbres d\u00e9nud\u00e9s, la neige \u00e0 l&rsquo;arri\u00e8re-plan et la pr\u00e9sence du casque Adrian indique qu&rsquo;elle ne peut l&rsquo;avoir \u00e9t\u00e9 qu&rsquo;\u00e0 partir de fin de 1915.<\/p>\n<p style=\"text-align: left;\">L&rsquo;insigne au col de la plupart d&rsquo;entre eux ressemble \u00e0 une lyre. Autre d\u00e9tail, l&rsquo;un d&rsquo;entre porte encore une vareuse \u00e0 deux rang\u00e9es de boutons. Deux chasseurs font partie du groupe et enfin, en partant de la gauche, les deux soldats \u00e0 c\u00f4t\u00e9 de l&rsquo;un d&rsquo;eux portent ce qui semble \u00eatre un brassard d&rsquo;infirmier.<\/p>\n<p>Mais la question essentielle demeurera toujours la m\u00eame pour moi : combien d&rsquo;entre-eux sont revenus\u00a0?<\/p>\n","protected":false},"excerpt":{"rendered":"<p>A moins qu&rsquo;au hasard de la toile un visiteur de passage n&rsquo;identifie l&rsquo;un d&rsquo;entre-eux, voici une carte-photo non \u00e9crite d&rsquo;un autre groupe de poilus qui me demeureront inconnus. Quant \u00e0 savoir \u00e0 quelle \u00e9poque la photo a \u00e9t\u00e9 prise, les &hellip; <a href=\"https:\/\/www.photoethistoire.eu\/14-18\/2012\/08\/14-18-groupe-de-poilus\/\">Lire la suite <span class=\"meta-nav\">&rarr;<\/span><\/a><\/p>\n","protected":false},"author":1,"featured_media":0,"comment_status":"closed","ping_status":"open","sticky":false,"template":"","format":"standard","meta":{"footnotes":""},"categories":[1],"tags":[],"class_list":["post-282","post","type-post","status-publish","format-standard","hentry","category-chemins"],"_links":{"self":[{"href":"https:\/\/www.photoethistoire.eu\/14-18\/wp-json\/wp\/v2\/posts\/282","targetHints":{"allow":["GET"]}}],"collection":[{"href":"https:\/\/www.photoethistoire.eu\/14-18\/wp-json\/wp\/v2\/posts"}],"about":[{"href":"https:\/\/www.photoethistoire.eu\/14-18\/wp-json\/wp\/v2\/types\/post"}],"author":[{"embeddable":true,"href":"https:\/\/www.photoethistoire.eu\/14-18\/wp-json\/wp\/v2\/users\/1"}],"replies":[{"embeddable":true,"href":"https:\/\/www.photoethistoire.eu\/14-18\/wp-json\/wp\/v2\/comments?post=282"}],"version-history":[{"count":3,"href":"https:\/\/www.photoethistoire.eu\/14-18\/wp-json\/wp\/v2\/posts\/282\/revisions"}],"predecessor-version":[{"id":1209,"href":"https:\/\/www.photoethistoire.eu\/14-18\/wp-json\/wp\/v2\/posts\/282\/revisions\/1209"}],"wp:attachment":[{"href":"https:\/\/www.photoethistoire.eu\/14-18\/wp-json\/wp\/v2\/media?parent=282"}],"wp:term":[{"taxonomy":"category","embeddable":true,"href":"https:\/\/www.photoethistoire.eu\/14-18\/wp-json\/wp\/v2\/categories?post=282"},{"taxonomy":"post_tag","embeddable":true,"href":"https:\/\/www.photoethistoire.eu\/14-18\/wp-json\/wp\/v2\/tags?post=282"}],"curies":[{"name":"wp","href":"https:\/\/api.w.org\/{rel}","templated":true}]}}