{"id":288,"date":"2012-05-16T08:48:05","date_gmt":"2012-05-16T07:48:05","guid":{"rendered":"http:\/\/www.photoethistoire.eu\/14-18\/?p=288"},"modified":"2016-05-20T09:04:22","modified_gmt":"2016-05-20T08:04:22","slug":"hommage-a-angele-lecat","status":"publish","type":"post","link":"https:\/\/www.photoethistoire.eu\/14-18\/2012\/05\/hommage-a-angele-lecat\/","title":{"rendered":"Hommage \u00e0 Ang\u00e8le LECAT"},"content":{"rendered":"<p>Un village de l&rsquo;Yonne et son \u00e9cole \u00e9l\u00e9mentaire rendent hommage \u00e0 une r\u00e9sistante de la guerre 14-18.<\/p>\n<p><em>Dimanche 3 juin 2012\u00a0 \u00e0 11 heures\u00a0<\/em><em>la petite \u00e9cole communale de Rouvray, dans l&rsquo;Yonne, portera officiellement le nom d&rsquo;Ang\u00e8le LECAT.<\/em><\/p>\n<div class=\"image_block\">\n<p><a href=\"http:\/\/www.photoethistoire.eu\/blogs\/media\/blogs\/a\/commemorations\/affiche%20Angele%20Lecat.jpg\"><img loading=\"lazy\" decoding=\"async\" class=\"aligncenter\" src=\"http:\/\/www.photoethistoire.eu\/blogs\/media\/blogs\/a\/commemorations\/affiche%20Angele%20Lecat.jpg\" alt=\"\" width=\"363\" height=\"500\" \/><\/a><\/p>\n<p>La petite \u00e9cole \u00e9l\u00e9mentaire du village de Rouvray ne poss\u00e8de qu&rsquo;une classe et pourtant, gr\u00e2ce \u00e0 l&rsquo;initiative de sa directrice Madame Barbara Fouquin, ce sera la premi\u00e8re \u00e9cole en France \u00e0 porter le nom d&rsquo;Ang\u00e8le LECAT, h\u00e9ro\u00efne de la guerre 14-18.<\/p>\n<p>Cette courageuse, et trop m\u00e9connue jeune femme, est n\u00e9e le 10 janvier 1889 \u00e0 Rumegies, petit village du Nord de la France situ\u00e9 \u00e0 quelques pas de la fronti\u00e8re belge. Arr\u00eat\u00e9e par les Allemands en 1917, elle fut fusill\u00e9e \u00e0 St-Amand-les-Eaux le 23 mars 1918 \u00e0 l&rsquo;\u00e2ge de 29 ans.<\/p>\n<p>Pour en savoir plus sur cette courageuse jeune femme je vous conseille :<\/p>\n<p>Le blog \u00e0 la m\u00e9moire des civils du Valenciennois dans la Grande Guerre 14-18 qui lui a consacr\u00e9<a href=\"http:\/\/civils19141918.canalblog.com\/archives\/2011\/06\/26\/21483035.html\" target=\"_blank\"> <strong>cet article<\/strong><\/a> en juin 2011 ainsi que le site <strong><a href=\"http:\/\/www.14-18larmesbleuhorizon.com\/\" target=\"_blank\">\u00ab\u00a0Larmes Bleu Horizon\u00a0\u00bb<\/a><\/strong> de l&rsquo;\u00e9crivain Alain Cancel et r\u00e9alisateur du film \u00ab\u00a0Les Pigeons d&rsquo;Ad\u00e8le\u00a0\u00bb.<\/p>\n<p><em>Grand merci \u00e0 Caroline Bisson pour avoir transmis l&rsquo;information sur la page Facebook du groupe \u00ab\u00a0Hommage aux Poilus de la guerre 14-18\u00a0\u00bb.<\/em><\/p>\n<\/div>\n","protected":false},"excerpt":{"rendered":"<p>Un village de l&rsquo;Yonne et son \u00e9cole \u00e9l\u00e9mentaire rendent hommage \u00e0 une r\u00e9sistante de la guerre 14-18. Dimanche 3 juin 2012\u00a0 \u00e0 11 heures\u00a0la petite \u00e9cole communale de Rouvray, dans l&rsquo;Yonne, portera officiellement le nom d&rsquo;Ang\u00e8le LECAT. La petite \u00e9cole &hellip; <a href=\"https:\/\/www.photoethistoire.eu\/14-18\/2012\/05\/hommage-a-angele-lecat\/\">Lire la suite <span class=\"meta-nav\">&rarr;<\/span><\/a><\/p>\n","protected":false},"author":1,"featured_media":0,"comment_status":"closed","ping_status":"open","sticky":false,"template":"","format":"standard","meta":{"footnotes":""},"categories":[24],"tags":[],"class_list":["post-288","post","type-post","status-publish","format-standard","hentry","category-histo"],"_links":{"self":[{"href":"https:\/\/www.photoethistoire.eu\/14-18\/wp-json\/wp\/v2\/posts\/288","targetHints":{"allow":["GET"]}}],"collection":[{"href":"https:\/\/www.photoethistoire.eu\/14-18\/wp-json\/wp\/v2\/posts"}],"about":[{"href":"https:\/\/www.photoethistoire.eu\/14-18\/wp-json\/wp\/v2\/types\/post"}],"author":[{"embeddable":true,"href":"https:\/\/www.photoethistoire.eu\/14-18\/wp-json\/wp\/v2\/users\/1"}],"replies":[{"embeddable":true,"href":"https:\/\/www.photoethistoire.eu\/14-18\/wp-json\/wp\/v2\/comments?post=288"}],"version-history":[{"count":1,"href":"https:\/\/www.photoethistoire.eu\/14-18\/wp-json\/wp\/v2\/posts\/288\/revisions"}],"predecessor-version":[{"id":289,"href":"https:\/\/www.photoethistoire.eu\/14-18\/wp-json\/wp\/v2\/posts\/288\/revisions\/289"}],"wp:attachment":[{"href":"https:\/\/www.photoethistoire.eu\/14-18\/wp-json\/wp\/v2\/media?parent=288"}],"wp:term":[{"taxonomy":"category","embeddable":true,"href":"https:\/\/www.photoethistoire.eu\/14-18\/wp-json\/wp\/v2\/categories?post=288"},{"taxonomy":"post_tag","embeddable":true,"href":"https:\/\/www.photoethistoire.eu\/14-18\/wp-json\/wp\/v2\/tags?post=288"}],"curies":[{"name":"wp","href":"https:\/\/api.w.org\/{rel}","templated":true}]}}