{"id":290,"date":"2012-07-14T08:51:39","date_gmt":"2012-07-14T07:51:39","guid":{"rendered":"http:\/\/www.photoethistoire.eu\/14-18\/?p=290"},"modified":"2016-05-20T09:04:22","modified_gmt":"2016-05-20T08:04:22","slug":"somme-14-juillet-1915","status":"publish","type":"post","link":"https:\/\/www.photoethistoire.eu\/14-18\/2012\/07\/somme-14-juillet-1915\/","title":{"rendered":"Somme 14 juillet 1915"},"content":{"rendered":"<p>En ce 14 juillet 2012 une pens\u00e9e sp\u00e9ciale pour le caporal Henri COLLET (35ans) et le soldat Georges PLATARD (20ans) du 403e R\u00e9giment d&rsquo;Infanterie, tous deux morts pour la France le 14 juillet 1915. Le premier des suites de ses blessures de guerre \u00e0 l&rsquo;ambulance d&rsquo;Etinehem, le second tu\u00e9 dans les tranch\u00e9es face \u00e0 Fricourt.<\/p>\n<div class=\"image_block\"><a href=\"http:\/\/www.photoethistoire.eu\/blogs\/media\/blogs\/b\/vignette403.jpg\"><img loading=\"lazy\" decoding=\"async\" class=\"aligncenter\" title=\"\" src=\"http:\/\/www.photoethistoire.eu\/blogs\/media\/blogs\/b\/vignette403.jpg\" alt=\"\" width=\"279\" height=\"483\" \/><\/a><\/div>\n","protected":false},"excerpt":{"rendered":"<p>En ce 14 juillet 2012 une pens\u00e9e sp\u00e9ciale pour le caporal Henri COLLET (35ans) et le soldat Georges PLATARD (20ans) du 403e R\u00e9giment d&rsquo;Infanterie, tous deux morts pour la France le 14 juillet 1915. Le premier des suites de ses &hellip; <a href=\"https:\/\/www.photoethistoire.eu\/14-18\/2012\/07\/somme-14-juillet-1915\/\">Lire la suite <span class=\"meta-nav\">&rarr;<\/span><\/a><\/p>\n","protected":false},"author":1,"featured_media":0,"comment_status":"closed","ping_status":"open","sticky":false,"template":"","format":"standard","meta":{"footnotes":""},"categories":[1],"tags":[],"class_list":["post-290","post","type-post","status-publish","format-standard","hentry","category-chemins"],"_links":{"self":[{"href":"https:\/\/www.photoethistoire.eu\/14-18\/wp-json\/wp\/v2\/posts\/290","targetHints":{"allow":["GET"]}}],"collection":[{"href":"https:\/\/www.photoethistoire.eu\/14-18\/wp-json\/wp\/v2\/posts"}],"about":[{"href":"https:\/\/www.photoethistoire.eu\/14-18\/wp-json\/wp\/v2\/types\/post"}],"author":[{"embeddable":true,"href":"https:\/\/www.photoethistoire.eu\/14-18\/wp-json\/wp\/v2\/users\/1"}],"replies":[{"embeddable":true,"href":"https:\/\/www.photoethistoire.eu\/14-18\/wp-json\/wp\/v2\/comments?post=290"}],"version-history":[{"count":1,"href":"https:\/\/www.photoethistoire.eu\/14-18\/wp-json\/wp\/v2\/posts\/290\/revisions"}],"predecessor-version":[{"id":291,"href":"https:\/\/www.photoethistoire.eu\/14-18\/wp-json\/wp\/v2\/posts\/290\/revisions\/291"}],"wp:attachment":[{"href":"https:\/\/www.photoethistoire.eu\/14-18\/wp-json\/wp\/v2\/media?parent=290"}],"wp:term":[{"taxonomy":"category","embeddable":true,"href":"https:\/\/www.photoethistoire.eu\/14-18\/wp-json\/wp\/v2\/categories?post=290"},{"taxonomy":"post_tag","embeddable":true,"href":"https:\/\/www.photoethistoire.eu\/14-18\/wp-json\/wp\/v2\/tags?post=290"}],"curies":[{"name":"wp","href":"https:\/\/api.w.org\/{rel}","templated":true}]}}