{"id":292,"date":"2012-03-27T08:55:45","date_gmt":"2012-03-27T07:55:45","guid":{"rendered":"http:\/\/www.photoethistoire.eu\/14-18\/?p=292"},"modified":"2016-05-20T09:04:22","modified_gmt":"2016-05-20T08:04:22","slug":"82nd-airborne-werbomont","status":"publish","type":"post","link":"https:\/\/www.photoethistoire.eu\/14-18\/2012\/03\/82nd-airborne-werbomont\/","title":{"rendered":"82nd Airborne &#8211; Werbomont"},"content":{"rendered":"<div class=\"image_block\">\n<p><a href=\"http:\/\/www.photoethistoire.eu\/blogs\/media\/blogs\/a\/monuments\/werbomont.jpg\"><img loading=\"lazy\" decoding=\"async\" class=\"aligncenter\" title=\"\" src=\"http:\/\/www.photoethistoire.eu\/blogs\/media\/blogs\/a\/monuments\/werbomont.jpg\" alt=\"\" width=\"600\" height=\"400\" \/><\/a><\/p>\n<p style=\"text-align: center;\"><em>A Werbomont, le souvenir des soldats de la 82nd Airborne est encore bien vivant.<\/p>\n<p>In Werbomont, the memory remains.<\/em><\/p>\n<\/div>\n<p>Deux plaques sont appos\u00e9es sur la pierre, l&rsquo;une en fran\u00e7ais:<\/p>\n<p><em>\u00ab\u00a0La 82d Airborne Division envoy\u00e9e d&rsquo;urgence dans les Ardennes d\u00e9barqua ici dans la nuit du 18 d\u00e9cembre. Ils se port\u00e8rent au-devant de l&rsquo;envahisseur pour livrer les plus durs combats de toutes leurs campagnes. Puisse leur sacrifice ne pas avoir \u00e9t\u00e9 vain\u00a0\u00bb<\/em><\/p>\n<p>..l&rsquo;autre en anglais :<\/p>\n<p><em>\u00ab\u00a0It is with sincere gratitude that, we, people of Verbomont, hereby remember the soldiers of the 82nd Airborne Division, who fought and gave all for the freedom of Belgium, on our soil during the battle of buggle, in and around our village of Verbomont, Decembre 18-19, 1944.\u00a0\u00bb<\/em><\/p>\n","protected":false},"excerpt":{"rendered":"<p>A Werbomont, le souvenir des soldats de la 82nd Airborne est encore bien vivant. In Werbomont, the memory remains. Deux plaques sont appos\u00e9es sur la pierre, l&rsquo;une en fran\u00e7ais: \u00ab\u00a0La 82d Airborne Division envoy\u00e9e d&rsquo;urgence dans les Ardennes d\u00e9barqua ici &hellip; <a href=\"https:\/\/www.photoethistoire.eu\/14-18\/2012\/03\/82nd-airborne-werbomont\/\">Lire la suite <span class=\"meta-nav\">&rarr;<\/span><\/a><\/p>\n","protected":false},"author":1,"featured_media":0,"comment_status":"closed","ping_status":"open","sticky":false,"template":"","format":"standard","meta":{"footnotes":""},"categories":[22],"tags":[],"class_list":["post-292","post","type-post","status-publish","format-standard","hentry","category-monu"],"_links":{"self":[{"href":"https:\/\/www.photoethistoire.eu\/14-18\/wp-json\/wp\/v2\/posts\/292","targetHints":{"allow":["GET"]}}],"collection":[{"href":"https:\/\/www.photoethistoire.eu\/14-18\/wp-json\/wp\/v2\/posts"}],"about":[{"href":"https:\/\/www.photoethistoire.eu\/14-18\/wp-json\/wp\/v2\/types\/post"}],"author":[{"embeddable":true,"href":"https:\/\/www.photoethistoire.eu\/14-18\/wp-json\/wp\/v2\/users\/1"}],"replies":[{"embeddable":true,"href":"https:\/\/www.photoethistoire.eu\/14-18\/wp-json\/wp\/v2\/comments?post=292"}],"version-history":[{"count":1,"href":"https:\/\/www.photoethistoire.eu\/14-18\/wp-json\/wp\/v2\/posts\/292\/revisions"}],"predecessor-version":[{"id":293,"href":"https:\/\/www.photoethistoire.eu\/14-18\/wp-json\/wp\/v2\/posts\/292\/revisions\/293"}],"wp:attachment":[{"href":"https:\/\/www.photoethistoire.eu\/14-18\/wp-json\/wp\/v2\/media?parent=292"}],"wp:term":[{"taxonomy":"category","embeddable":true,"href":"https:\/\/www.photoethistoire.eu\/14-18\/wp-json\/wp\/v2\/categories?post=292"},{"taxonomy":"post_tag","embeddable":true,"href":"https:\/\/www.photoethistoire.eu\/14-18\/wp-json\/wp\/v2\/tags?post=292"}],"curies":[{"name":"wp","href":"https:\/\/api.w.org\/{rel}","templated":true}]}}