{"id":294,"date":"2012-03-29T08:58:17","date_gmt":"2012-03-29T07:58:17","guid":{"rendered":"http:\/\/www.photoethistoire.eu\/14-18\/?p=294"},"modified":"2016-05-20T09:04:22","modified_gmt":"2016-05-20T08:04:22","slug":"armee-secrete-seny","status":"publish","type":"post","link":"https:\/\/www.photoethistoire.eu\/14-18\/2012\/03\/armee-secrete-seny\/","title":{"rendered":"Arm\u00e9e Secr\u00e8te &#8211; Seny"},"content":{"rendered":"<div class=\"image_block\"><a href=\"http:\/\/www.photoethistoire.eu\/blogs\/media\/blogs\/a\/monuments\/seny.jpg\"><img loading=\"lazy\" decoding=\"async\" class=\"aligncenter\" src=\"http:\/\/www.photoethistoire.eu\/blogs\/media\/blogs\/a\/monuments\/seny.jpg\" alt=\"\" width=\"600\" height=\"400\" \/><\/a><\/div>\n<p>Le village de Seny, situ\u00e9 dans la province de Li\u00e8ge et faisant partie de la commune de Tinlot, est un des nombreux villages ayant payer un lourd tribu \u00e0 la lutte pour la libert\u00e9 de notre pays. Sur la place du Baty on a \u00e9lev\u00e9 ce monument en m\u00e9moire des 16 membres de l&rsquo;Arm\u00e9e Secr\u00e8te (Zone V &#8211; secteur 3) dont les noms suivent :<\/p>\n<p><em>Paul <strong>BOMON<\/strong> &#8211; Jean <strong>DELCOURT <\/strong>&#8211; Joseph <strong>DELCOURT &#8211;<\/strong> Roger <strong>DEMARET &#8211;<\/strong> Jean<strong>FONZE &#8211;<\/strong> Marie <strong>GOFIN <\/strong>&#8211; Alfred <strong>JUMELLE<\/strong> &#8211; Octabe <strong>LAVIGNE<\/strong> &#8211; L\u00e9opold <strong>LECLERE &#8211;<\/strong>Felix <strong>PETERMANS <\/strong>&#8211; Claude <strong>PETIT &#8211;<\/strong> Jean Marie <strong>MANNE &#8211;<\/strong> Paul <strong>MARECHAL &#8211;<\/strong>Alexandre <strong>MEES &#8211;<\/strong> Andr\u00e9 <strong>MICHEL<\/strong> &#8211; Bertha <strong>SERDONGS<\/strong><\/em><\/p>\n","protected":false},"excerpt":{"rendered":"<p>Le village de Seny, situ\u00e9 dans la province de Li\u00e8ge et faisant partie de la commune de Tinlot, est un des nombreux villages ayant payer un lourd tribu \u00e0 la lutte pour la libert\u00e9 de notre pays. Sur la place &hellip; <a href=\"https:\/\/www.photoethistoire.eu\/14-18\/2012\/03\/armee-secrete-seny\/\">Lire la suite <span class=\"meta-nav\">&rarr;<\/span><\/a><\/p>\n","protected":false},"author":1,"featured_media":0,"comment_status":"closed","ping_status":"open","sticky":false,"template":"","format":"standard","meta":{"footnotes":""},"categories":[22],"tags":[],"class_list":["post-294","post","type-post","status-publish","format-standard","hentry","category-monu"],"_links":{"self":[{"href":"https:\/\/www.photoethistoire.eu\/14-18\/wp-json\/wp\/v2\/posts\/294","targetHints":{"allow":["GET"]}}],"collection":[{"href":"https:\/\/www.photoethistoire.eu\/14-18\/wp-json\/wp\/v2\/posts"}],"about":[{"href":"https:\/\/www.photoethistoire.eu\/14-18\/wp-json\/wp\/v2\/types\/post"}],"author":[{"embeddable":true,"href":"https:\/\/www.photoethistoire.eu\/14-18\/wp-json\/wp\/v2\/users\/1"}],"replies":[{"embeddable":true,"href":"https:\/\/www.photoethistoire.eu\/14-18\/wp-json\/wp\/v2\/comments?post=294"}],"version-history":[{"count":1,"href":"https:\/\/www.photoethistoire.eu\/14-18\/wp-json\/wp\/v2\/posts\/294\/revisions"}],"predecessor-version":[{"id":295,"href":"https:\/\/www.photoethistoire.eu\/14-18\/wp-json\/wp\/v2\/posts\/294\/revisions\/295"}],"wp:attachment":[{"href":"https:\/\/www.photoethistoire.eu\/14-18\/wp-json\/wp\/v2\/media?parent=294"}],"wp:term":[{"taxonomy":"category","embeddable":true,"href":"https:\/\/www.photoethistoire.eu\/14-18\/wp-json\/wp\/v2\/categories?post=294"},{"taxonomy":"post_tag","embeddable":true,"href":"https:\/\/www.photoethistoire.eu\/14-18\/wp-json\/wp\/v2\/tags?post=294"}],"curies":[{"name":"wp","href":"https:\/\/api.w.org\/{rel}","templated":true}]}}