{"id":296,"date":"2012-04-18T09:00:17","date_gmt":"2012-04-18T08:00:17","guid":{"rendered":"http:\/\/www.photoethistoire.eu\/14-18\/?p=296"},"modified":"2016-05-20T09:04:22","modified_gmt":"2016-05-20T08:04:22","slug":"romagne-sous-montfaucon","status":"publish","type":"post","link":"https:\/\/www.photoethistoire.eu\/14-18\/2012\/04\/romagne-sous-montfaucon\/","title":{"rendered":"Romagne-sous-Montfaucon"},"content":{"rendered":"<div class=\"image_block\"><a href=\"http:\/\/www.photoethistoire.eu\/blogs\/media\/blogs\/a\/montfaucon.tombes.jpg\"><img loading=\"lazy\" decoding=\"async\" class=\"aligncenter\" src=\"http:\/\/www.photoethistoire.eu\/blogs\/media\/blogs\/a\/montfaucon.tombes.jpg\" alt=\"\" width=\"600\" height=\"392\" \/><\/a><\/div>\n<p>C&rsquo;est \u00e0 Romagne-sous-Montfaucon que se trouve le plus grand cimeti\u00e8re am\u00e9ricain en Europe.\u00a0 Plus de 14000 soldats y reposent, la plupart ont \u00e9t\u00e9 tu\u00e9s durant l&rsquo;offensive de l&rsquo;Argonne entre septembre et novembre 1918.<\/p>\n<p>Romagne-sous-Monfaucon, the largest american cemetery in Europe ; more than 14000 soldiers are buried here. Most of them died during the Meuse Argonne offensive who took place from september to november 1918.<\/p>\n<p style=\"text-align: center;\"><em><strong>They shall not be forgotten<\/strong><\/em><\/p>\n<div class=\"image_block\"><a href=\"http:\/\/www.photoethistoire.eu\/blogs\/media\/blogs\/a\/montfauconchap.jpg\"><img loading=\"lazy\" decoding=\"async\" class=\"aligncenter\" src=\"http:\/\/www.photoethistoire.eu\/blogs\/media\/blogs\/a\/montfauconchap.jpg\" alt=\"\" width=\"600\" height=\"395\" \/><\/a><\/div>\n<p>Sur le fronton de la chapelle on peut lire\/ Above the chapel entrance we can read :<\/p>\n<p><em>\u00ab\u00a0Dedicated to the memory of those who died for their country &#8211; In sacred sleep they rest\u00a0\u00bb<\/em><\/p>\n<div class=\"image_block\"><a href=\"http:\/\/www.photoethistoire.eu\/blogs\/media\/blogs\/a\/panelruss.jpg\"><img loading=\"lazy\" decoding=\"async\" class=\"aligncenter\" src=\"http:\/\/www.photoethistoire.eu\/blogs\/media\/blogs\/a\/panelruss.jpg\" alt=\"\" width=\"396\" height=\"600\" \/><\/a><\/div>\n<p style=\"text-align: center;\">Sous les arcades sont inscrits les noms des disparus<\/p>\n<p style=\"text-align: center;\">The names of the missing are written on the walls in the walkway.<\/p>\n<p style=\"text-align: center;\">Parmi eux ceux-ci, les soldats tu\u00e9s en Russie et dont le lieu de s\u00e9pulture est inconnu<\/p>\n<p style=\"text-align: center;\">Among them those who died in Northen Russia and have no know graves.<\/p>\n<p>Ce sont\/Those are :<\/p>\n<p><em><strong>ASIRE Myron J.<\/strong><\/em> &#8211; Private 1st CL &#8211; 310 th Engrs &#8211; 85 th Division &#8211; oct 14 1918 &#8211; Michigan<\/p>\n<p><em><strong>BABINGER William E.<\/strong><\/em> &#8211; Corporal &#8211; 339th Infantery &#8211; 85th Division &#8211; sept 29 1918 &#8211; Michigan<\/p>\n<p><em><strong>BALLARD Clifford B.<\/strong><\/em> &#8211; 2nd Lieutenant &#8211; 339th Infantery &#8211; 85th Division &#8211; feb 7 1919 &#8211; Michigan<\/p>\n<p><strong><em>BLOOM Helmer<\/em> <\/strong>&#8211; Sergeant 1st CL &#8211; 310th Engrs &#8211; 85th Division &#8211; oct 8 1918 &#8211; Michigan<\/p>\n<p><em><strong>CARTER James<\/strong><\/em> &#8211; Private &#8211; 339th Infantery &#8211; 85th Division &#8211; sept 29 1918 &#8211; Michigan<\/p>\n<p><em><strong>CLARK Joshua A.<\/strong><\/em> &#8211; Private &#8211; 339th Infantery &#8211; 85th Division &#8211; feb 4 1918 &#8211; Michigan<\/p>\n<p><em><strong>DARGAN Arthur<\/strong> <\/em>&#8211; Private &#8211; 310th Engrs &#8211; 85th Division &#8211; oct 8 1918 &#8211; New York<\/p>\n<p><em><strong>FRANK Arthur A<\/strong> <\/em>&#8211; Private &#8211; 339th Infantery &#8211; 85th Division &#8211; sept 29 1918 &#8211; Michigan<\/p>\n<p><em><strong>FRUCCE John<\/strong> <\/em>&#8211; Private &#8211; 339th Infantery &#8211; 85 h Division &#8211; mar 22 1919 &#8211; Michigan<\/p>\n<p><em><strong>KEEFE Thomas H<\/strong><\/em> &#8211; Private &#8211; 339th Infantery &#8211; 85th Division &#8211; feb 4 1919 &#8211; Illinois<\/p>\n<p><em><strong>KIEFFER Simon P.<\/strong><\/em> &#8211; Private &#8211; 339th Infantery &#8211; 85th Division &#8211; sept 29 1918 Michigan<\/p>\n<p><em><strong>KISSICK Thurman L.<\/strong><\/em> &#8211; Private &#8211; 339th Infantery &#8211; 85th Division &#8211; nov 29 1918 &#8211; Kentucky<\/p>\n<p><em><strong>KROLL John Jr.<\/strong><\/em> &#8211; Private &#8211; 339th Infantery &#8211; 85th Division &#8211; sept 10 1918 &#8211; Michigan<\/p>\n<p><strong><em>LYTTLE Alfred E.<\/em> <\/strong>&#8211; Corporal &#8211; 310th Engrs &#8211; 85th Division &#8211; oct 30 1918 &#8211; Michigan<\/p>\n<p><em><strong>MOORE Albert E.<\/strong><\/em> &#8211; Corporal &#8211; 339th Infantery &#8211; 85th Division &#8211; mar 7 1919 &#8211; Michigan<\/p>\n<p><em><strong>PETERSON August B.<\/strong><\/em> &#8211; Private &#8211; 339th Infantery &#8211; 85th Division &#8211; apr 12 1919 &#8211; Michigan<\/p>\n<p><em><strong>RAMOTOWSKE Josef<\/strong><\/em> &#8211; Private &#8211; 339th Infantery &#8211; 85th Division &#8211; mar 26 1919 &#8211; Michigan<\/p>\n<p><em><strong>SCHROEDER Herbert A.<\/strong><\/em> &#8211; Corporal &#8211; 339th Infantery &#8211; 85th Division &#8211; sept 10 1918 &#8211; Michigan<\/p>\n<p><em><strong>SCOTT Perry C.<\/strong><\/em> &#8211; Corporal &#8211; 339th Infantery &#8211; 85th Division &#8211; sept 29 1918 &#8211; Michigan<\/p>\n<p><em><strong>SWEET Earl D.<\/strong><\/em> &#8211; Private &#8211; 339th Infantery &#8211; 85th Division &#8211; mar 9 1919 &#8211; Michigan<\/p>\n<p><em><strong>TAYLOR Otto Vernon<\/strong><\/em> &#8211; Private &#8211; 339th Infantery &#8211; 85th Division &#8211; oct 16 1918 &#8211; Indiana<\/p>\n<p><em><strong>VAN DEVENTER Georges E.<\/strong><\/em> &#8211; Private &#8211; 339th Infantery &#8211; 85th Division &#8211; sept 11 1918 &#8211; Idaho<\/p>\n<p><em><strong>WESTERHOF John T.<\/strong><\/em> &#8211; Private &#8211; 339th Infantery &#8211; 85th Division &#8211; sept 11 1918 &#8211; Michigan<\/p>\n<div class=\"image_block\"><a href=\"http:\/\/www.photoethistoire.eu\/blogs\/media\/blogs\/a\/montfaucon.chap2.jpg\"><img loading=\"lazy\" decoding=\"async\" class=\"aligncenter\" src=\"http:\/\/www.photoethistoire.eu\/blogs\/media\/blogs\/a\/montfaucon.chap2.jpg\" alt=\"\" width=\"600\" height=\"400\" \/><\/a><\/div>\n<p style=\"text-align: center;\">Le m\u00e9morial \u00e0 l&rsquo;int\u00e9rieur de la chapelle\/Memorial chapel interior<\/p>\n<div class=\"image_block\"><a href=\"http:\/\/www.photoethistoire.eu\/blogs\/media\/blogs\/a\/montfaucon.tomb.1.jpg\"><img loading=\"lazy\" decoding=\"async\" class=\"aligncenter\" src=\"http:\/\/www.photoethistoire.eu\/blogs\/media\/blogs\/a\/montfaucon.tomb.1.jpg\" alt=\"\" width=\"400\" height=\"600\" \/><\/a><\/div>\n<div class=\"image_block\"><\/div>\n<div class=\"image_block\">\n<div class=\"image_block\"><a href=\"http:\/\/www.photoethistoire.eu\/blogs\/media\/blogs\/a\/montfaucon.tomb.4bis.jpg\"><img loading=\"lazy\" decoding=\"async\" class=\"aligncenter\" src=\"http:\/\/www.photoethistoire.eu\/blogs\/media\/blogs\/a\/montfaucon.tomb.4bis.jpg\" alt=\"\" width=\"400\" height=\"600\" \/><\/a><\/div>\n<\/div>\n<div class=\"image_block\"><a href=\"http:\/\/www.photoethistoire.eu\/blogs\/media\/blogs\/a\/montfaucon.tomb3.jpg\"><img loading=\"lazy\" decoding=\"async\" class=\"aligncenter\" src=\"http:\/\/www.photoethistoire.eu\/blogs\/media\/blogs\/a\/montfaucon.tomb3.jpg\" alt=\"\" width=\"400\" height=\"600\" \/><\/a><\/div>\n<div class=\"image_block\"><\/div>\n<div class=\"image_block\" style=\"text-align: center;\">3 braves, parmi d&rsquo;autres, qui ont \u00e9t\u00e9 d\u00e9cor\u00e9s de la plus haute distinction militaire am\u00e9ricaine : la m\u00e9daille d&rsquo;honneur.<\/div>\n<p style=\"text-align: center;\">3 braves, among others, who recevied the Medal of Honor<\/p>\n<div class=\"image_block\"><a href=\"http:\/\/www.photoethistoire.eu\/blogs\/media\/blogs\/a\/cimetieres\/montfaucontomb4.jpg\"><img loading=\"lazy\" decoding=\"async\" class=\"aligncenter\" src=\"http:\/\/www.photoethistoire.eu\/blogs\/media\/blogs\/a\/cimetieres\/montfaucontomb4.jpg\" alt=\"\" width=\"400\" height=\"600\" \/><\/a><\/div>\n<div class=\"image_block\"><\/div>\n<div class=\"image_block\" style=\"text-align: center;\">This poor guy is one of those who were killed 1 day before the end of the war !<\/div>\n","protected":false},"excerpt":{"rendered":"<p>C&rsquo;est \u00e0 Romagne-sous-Montfaucon que se trouve le plus grand cimeti\u00e8re am\u00e9ricain en Europe.\u00a0 Plus de 14000 soldats y reposent, la plupart ont \u00e9t\u00e9 tu\u00e9s durant l&rsquo;offensive de l&rsquo;Argonne entre septembre et novembre 1918. Romagne-sous-Monfaucon, the largest american cemetery in Europe &hellip; <a href=\"https:\/\/www.photoethistoire.eu\/14-18\/2012\/04\/romagne-sous-montfaucon\/\">Lire la suite <span class=\"meta-nav\">&rarr;<\/span><\/a><\/p>\n","protected":false},"author":1,"featured_media":0,"comment_status":"closed","ping_status":"open","sticky":false,"template":"","format":"standard","meta":{"footnotes":""},"categories":[21],"tags":[],"class_list":["post-296","post","type-post","status-publish","format-standard","hentry","category-necropo"],"_links":{"self":[{"href":"https:\/\/www.photoethistoire.eu\/14-18\/wp-json\/wp\/v2\/posts\/296","targetHints":{"allow":["GET"]}}],"collection":[{"href":"https:\/\/www.photoethistoire.eu\/14-18\/wp-json\/wp\/v2\/posts"}],"about":[{"href":"https:\/\/www.photoethistoire.eu\/14-18\/wp-json\/wp\/v2\/types\/post"}],"author":[{"embeddable":true,"href":"https:\/\/www.photoethistoire.eu\/14-18\/wp-json\/wp\/v2\/users\/1"}],"replies":[{"embeddable":true,"href":"https:\/\/www.photoethistoire.eu\/14-18\/wp-json\/wp\/v2\/comments?post=296"}],"version-history":[{"count":2,"href":"https:\/\/www.photoethistoire.eu\/14-18\/wp-json\/wp\/v2\/posts\/296\/revisions"}],"predecessor-version":[{"id":298,"href":"https:\/\/www.photoethistoire.eu\/14-18\/wp-json\/wp\/v2\/posts\/296\/revisions\/298"}],"wp:attachment":[{"href":"https:\/\/www.photoethistoire.eu\/14-18\/wp-json\/wp\/v2\/media?parent=296"}],"wp:term":[{"taxonomy":"category","embeddable":true,"href":"https:\/\/www.photoethistoire.eu\/14-18\/wp-json\/wp\/v2\/categories?post=296"},{"taxonomy":"post_tag","embeddable":true,"href":"https:\/\/www.photoethistoire.eu\/14-18\/wp-json\/wp\/v2\/tags?post=296"}],"curies":[{"name":"wp","href":"https:\/\/api.w.org\/{rel}","templated":true}]}}