{"id":299,"date":"2012-02-17T09:04:17","date_gmt":"2012-02-17T08:04:17","guid":{"rendered":"http:\/\/www.photoethistoire.eu\/14-18\/?p=299"},"modified":"2016-05-20T09:04:22","modified_gmt":"2016-05-20T08:04:22","slug":"amiens","status":"publish","type":"post","link":"https:\/\/www.photoethistoire.eu\/14-18\/2012\/02\/amiens\/","title":{"rendered":"Amiens"},"content":{"rendered":"<div class=\"image_block\"><a href=\"http:\/\/www.photoethistoire.eu\/blogs\/media\/blogs\/a\/cartesphotos\/amiens.jpg\"><img loading=\"lazy\" decoding=\"async\" class=\"aligncenter\" title=\"\" src=\"http:\/\/www.photoethistoire.eu\/blogs\/media\/blogs\/a\/cartesphotos\/amiens.jpg\" alt=\"\" width=\"600\" height=\"372\" \/><\/a><\/div>\n<p>Carte \u00e9crite par un bless\u00e9 depuis l&rsquo;h\u00f4pital temporaire n\u00b05 bis \u00e9tabli dans le lyc\u00e9e des gar\u00e7ons rue Frederic Petit \u00e0 Amiens.<\/p>\n<p><em>amiens<br \/>\nle 3 avril 1915<\/em><\/p>\n<p>Ma cher L\u00e9ontine<\/p>\n<p>j&rsquo;aie vu Troussiaux. Hier je lui ais dit que Leon ne vienne pas\u00a0je crois quil y a un peut d&rsquo;espoire je ne sui pas geais malgr\u00e9 cela\u00a0j aie toujours peur que on me garde\u00a0les fete de paques vont me sembl\u00e9 bien triste mais jaie du courage\u00a0quel bonheur sy on me renvoy comme je serais heureux de vous\u00a0surprendre.\u00a0Enfin il ne faut pas de vaine ylusions ne penson plus a cela si ca vien\u00a0tu le saura bientot\u00a0bien le bonjour a maman [..] et a nos cher enfants, je suis en bonne\u00a0sant\u00e9 et jesper que ma lettre vous trouvera de meme<br \/>\nton mari qui tembras et qui asspire te revoir mil baiser<\/p>\n","protected":false},"excerpt":{"rendered":"<p>Carte \u00e9crite par un bless\u00e9 depuis l&rsquo;h\u00f4pital temporaire n\u00b05 bis \u00e9tabli dans le lyc\u00e9e des gar\u00e7ons rue Frederic Petit \u00e0 Amiens. amiens le 3 avril 1915 Ma cher L\u00e9ontine j&rsquo;aie vu Troussiaux. Hier je lui ais dit que Leon ne &hellip; <a href=\"https:\/\/www.photoethistoire.eu\/14-18\/2012\/02\/amiens\/\">Lire la suite <span class=\"meta-nav\">&rarr;<\/span><\/a><\/p>\n","protected":false},"author":1,"featured_media":0,"comment_status":"closed","ping_status":"open","sticky":false,"template":"","format":"standard","meta":{"footnotes":""},"categories":[19],"tags":[],"class_list":["post-299","post","type-post","status-publish","format-standard","hentry","category-cartes"],"_links":{"self":[{"href":"https:\/\/www.photoethistoire.eu\/14-18\/wp-json\/wp\/v2\/posts\/299","targetHints":{"allow":["GET"]}}],"collection":[{"href":"https:\/\/www.photoethistoire.eu\/14-18\/wp-json\/wp\/v2\/posts"}],"about":[{"href":"https:\/\/www.photoethistoire.eu\/14-18\/wp-json\/wp\/v2\/types\/post"}],"author":[{"embeddable":true,"href":"https:\/\/www.photoethistoire.eu\/14-18\/wp-json\/wp\/v2\/users\/1"}],"replies":[{"embeddable":true,"href":"https:\/\/www.photoethistoire.eu\/14-18\/wp-json\/wp\/v2\/comments?post=299"}],"version-history":[{"count":4,"href":"https:\/\/www.photoethistoire.eu\/14-18\/wp-json\/wp\/v2\/posts\/299\/revisions"}],"predecessor-version":[{"id":1212,"href":"https:\/\/www.photoethistoire.eu\/14-18\/wp-json\/wp\/v2\/posts\/299\/revisions\/1212"}],"wp:attachment":[{"href":"https:\/\/www.photoethistoire.eu\/14-18\/wp-json\/wp\/v2\/media?parent=299"}],"wp:term":[{"taxonomy":"category","embeddable":true,"href":"https:\/\/www.photoethistoire.eu\/14-18\/wp-json\/wp\/v2\/categories?post=299"},{"taxonomy":"post_tag","embeddable":true,"href":"https:\/\/www.photoethistoire.eu\/14-18\/wp-json\/wp\/v2\/tags?post=299"}],"curies":[{"name":"wp","href":"https:\/\/api.w.org\/{rel}","templated":true}]}}