{"id":303,"date":"2012-03-22T09:33:53","date_gmt":"2012-03-22T08:33:53","guid":{"rendered":"http:\/\/www.photoethistoire.eu\/14-18\/?p=303"},"modified":"2016-05-20T09:04:22","modified_gmt":"2016-05-20T08:04:22","slug":"fontaine-les-cappy","status":"publish","type":"post","link":"https:\/\/www.photoethistoire.eu\/14-18\/2012\/03\/fontaine-les-cappy\/","title":{"rendered":"Fontaine-les-Cappy"},"content":{"rendered":"<div class=\"image_block\"><a href=\"http:\/\/www.photoethistoire.eu\/blogs\/media\/blogs\/a\/cartesphotos\/fontaine-cappy.jpg\"><img loading=\"lazy\" decoding=\"async\" class=\"aligncenter\" src=\"http:\/\/www.photoethistoire.eu\/blogs\/media\/blogs\/a\/cartesphotos\/fontaine-cappy.jpg\" alt=\"\" width=\"600\" height=\"383\" \/><\/a><\/div>\n<div class=\"image_block\">\u00a0Ecrite dans un style que l&rsquo;on pourrait qualifier de \u00ab\u00a0t\u00e9l\u00e9graphique\u00a0\u00bb,\u00a0 et \u00e9mouvante \u00e0 plus d&rsquo;un titre, cette carte t\u00e9moigne du soin apport\u00e9 par les\u00a0 soldats afin de condenser sur la petite surface disponible le plus d&rsquo;informations possibles \u00e0 l&rsquo;adresse de leur famille.<\/div>\n<div class=\"image_block\">\n<p>Les termes illisibles ont \u00e9t\u00e9 remplac\u00e9s par des pointill\u00e9s. Ceux les \u00e9crits au recto de la carte n&rsquo;ont pu \u00eatre tous d\u00e9chiffr\u00e9s et le texte \u00e9tant de ce fait incompr\u00e9hensible, ils ne sont pas reproduits ci-dessous. Et pour rappel, par respect pour ceux qui les ont \u00e9crits, les textes sont transcrits sans modification<\/p>\n<p><em>14 juillet 1916<\/em><\/p>\n<p><em>Cher parent \u00e9pouse belle soeur et enfant<\/em><em><br \/>\nJe viens une autre foit vous faire savoir de mes nouvelle<br \/>\nbonne le moment desiere tout coeur ma carte vous en trouve de m\u00eame Some m\u00eame endroit sa barde\u00a0<\/em><em>trouv\u00e9 le fr\u00e8re tr\u00e9molli\u00e8re plus jeune le plus jeune th\u00e9ron dit &#8230;.(1) de naussac plaisir avoir\u00a0trouv\u00e9 du pays les voir si jeune a la mitraille le prendre La mour de Dieu me sait triste\u00a0viala est aussi en bone sant\u00e9 &#8230;&#8230;&#8230;&#8230;&#8230;.Baptiste lermet est mort louis sait pas de ces nouvelle que cette guerre fait pleurer\u00a0Lespoir nous revoir un jour faite pas de meauvaissen&#8230;beau frere epouse papa vous aime\u00a0&#8230;.. &#8230;.. &#8230;&#8230; embrasse bien fort mes &#8230;..\u00a0<\/em><em>Fran\u00e7ois <\/em><em>(2)<\/em><\/p>\n<div class=\"image_block\">\n<p>Parlant du \u00ab\u00a0pays\u00a0\u00bb que le soldat \u00e9voque,\u00a0 il y a un nomm\u00e9 Baptiste Lermet, natif de et habitant Fontanes qui est d\u00e9c\u00e9d\u00e9 en Allemagne des suites de ses blessures de guerre en juin 1916. Il \u00e9tait sergent au 142e R.I.<\/p>\n<p>Un nomm\u00e9 Baptiste Tr\u00e9moli\u00e8re, natif et habitant Chastanier, est dcd des suites de ses blessures en son domicile de Chastanier le 8 avril 1919, il appartenait au m\u00eame r\u00e9giment.<\/p>\n<p>Firmin Tr\u00e9moli\u00e8re &#8211; caporal-, natif et habitant le m\u00eame village et appartenant \u00e9galement au 142e R.I. est dcd en captivit\u00e9 en 1919<\/p>\n<p>Et trois autres soldats, morts pour la France et portant ce patronyme sont originaire de\u00a0 Chastanier.<\/p>\n<p>Ce m\u00eame village voit la perte de deux autres de ses enfants : Viala C\u00e9lestin &#8211; 2e cl. au 27e Chasseurs \u00e0 Pied &#8211; tu\u00e9 en d\u00e9cembre 1915 et Viala Pierre Marius, soldat au 112e R.I. dcd des suites de ses blessures en mai 1916.<\/p>\n<p>Il y a aussi un nomm\u00e9 Th\u00e9rond Anselme Marius, natif et habitant Naussac qui a \u00e9t\u00e9 tu\u00e9 au combat dans la Somme le 20 juillet 1916. Il \u00e9tait soldat au 164e R.I.<\/p>\n<p>4 autres soldats portant le patronyme de Th\u00e9rond \u00e9taient natifs et originaires de Langogne font \u00e9galement partie des soldats morts pour la France.<\/p>\n<p><em>(source : SGA M\u00e9moire des Hommes)<\/em><\/p>\n<p>Plusieurs Viala sont originaires soit de Langogne, soit de Auroux.<\/p>\n<p><em>(source :<a href=\"http:\/\/memorialgenweb.org\/\" target=\"_blank\"> M\u00e9morialGenWeb<\/a>)<\/em><\/p>\n<p>Tous ces villages sont situ\u00e9s autour du barrage de Naussac en Loz\u00e8re. Tout porte donc \u00e0 croire que le soldat qui a \u00e9crit cette carte \u00e9tait originaire de l&rsquo;un de ces villages. Peut-\u00eatre de Chastanier.<\/p>\n<p><em>(1) \u00a0Challet\u00a0?\u00a0&#8211; (2) Charade Fran\u00e7ois ?<\/em><\/p>\n<\/div>\n<\/div>\n","protected":false},"excerpt":{"rendered":"<p>\u00a0Ecrite dans un style que l&rsquo;on pourrait qualifier de \u00ab\u00a0t\u00e9l\u00e9graphique\u00a0\u00bb,\u00a0 et \u00e9mouvante \u00e0 plus d&rsquo;un titre, cette carte t\u00e9moigne du soin apport\u00e9 par les\u00a0 soldats afin de condenser sur la petite surface disponible le plus d&rsquo;informations possibles \u00e0 l&rsquo;adresse de &hellip; <a href=\"https:\/\/www.photoethistoire.eu\/14-18\/2012\/03\/fontaine-les-cappy\/\">Lire la suite <span class=\"meta-nav\">&rarr;<\/span><\/a><\/p>\n","protected":false},"author":1,"featured_media":0,"comment_status":"closed","ping_status":"open","sticky":false,"template":"","format":"standard","meta":{"footnotes":""},"categories":[19],"tags":[],"class_list":["post-303","post","type-post","status-publish","format-standard","hentry","category-cartes"],"_links":{"self":[{"href":"https:\/\/www.photoethistoire.eu\/14-18\/wp-json\/wp\/v2\/posts\/303","targetHints":{"allow":["GET"]}}],"collection":[{"href":"https:\/\/www.photoethistoire.eu\/14-18\/wp-json\/wp\/v2\/posts"}],"about":[{"href":"https:\/\/www.photoethistoire.eu\/14-18\/wp-json\/wp\/v2\/types\/post"}],"author":[{"embeddable":true,"href":"https:\/\/www.photoethistoire.eu\/14-18\/wp-json\/wp\/v2\/users\/1"}],"replies":[{"embeddable":true,"href":"https:\/\/www.photoethistoire.eu\/14-18\/wp-json\/wp\/v2\/comments?post=303"}],"version-history":[{"count":3,"href":"https:\/\/www.photoethistoire.eu\/14-18\/wp-json\/wp\/v2\/posts\/303\/revisions"}],"predecessor-version":[{"id":1211,"href":"https:\/\/www.photoethistoire.eu\/14-18\/wp-json\/wp\/v2\/posts\/303\/revisions\/1211"}],"wp:attachment":[{"href":"https:\/\/www.photoethistoire.eu\/14-18\/wp-json\/wp\/v2\/media?parent=303"}],"wp:term":[{"taxonomy":"category","embeddable":true,"href":"https:\/\/www.photoethistoire.eu\/14-18\/wp-json\/wp\/v2\/categories?post=303"},{"taxonomy":"post_tag","embeddable":true,"href":"https:\/\/www.photoethistoire.eu\/14-18\/wp-json\/wp\/v2\/tags?post=303"}],"curies":[{"name":"wp","href":"https:\/\/api.w.org\/{rel}","templated":true}]}}