{"id":306,"date":"2011-12-20T09:46:31","date_gmt":"2011-12-20T08:46:31","guid":{"rendered":"http:\/\/www.photoethistoire.eu\/14-18\/?p=306"},"modified":"2016-05-20T09:04:22","modified_gmt":"2016-05-20T08:04:22","slug":"parcours-en-camion-de-dion-bouton-1917-ce-nest-quun-au-revoir","status":"publish","type":"post","link":"https:\/\/www.photoethistoire.eu\/14-18\/2011\/12\/parcours-en-camion-de-dion-bouton-1917-ce-nest-quun-au-revoir\/","title":{"rendered":"Parcours en camion de Dion-Bouton 1917&#8230;ce n&rsquo;est qu&rsquo;un au-revoir !"},"content":{"rendered":"<div class=\"content_full\">\n<div class=\"bText\">\n<p>Il y a quelques semaines, j&rsquo;avais fait para\u00eetre un petit article sur le passage dans la Somme de notre ami Dominique Bleunven. Pour rappel son objectif \u00e9tait de parcourir, seul \u00e0 bord de son camion d&rsquo;\u00e9poque, les 1200 km du front tel qu&rsquo;il se pr\u00e9sentait en 1917.<\/p>\n<p>H\u00e9las, pour les raisons que vous pouvez lire sur son <strong><a href=\"https:\/\/parcoursdufront1917.wordpress.com\/category\/au-fil-du-voyage\/\" target=\"_blank\">blog<\/a><\/strong>, l&rsquo;ami Dominique a d\u00fb jeter l&rsquo;\u00e9ponge apr\u00e8s avoir vaillamment atteint un des ses objectifs phares, Verdun.<\/p>\n<div class=\"image_block\" style=\"text-align: center;\"><a href=\"http:\/\/www.photoethistoire.eu\/blogs\/media\/blogs\/a\/camionVSacr.jpg\"><img loading=\"lazy\" decoding=\"async\" title=\"\" src=\"http:\/\/www.photoethistoire.eu\/blogs\/media\/blogs\/a\/camionVSacr.jpg\" alt=\"\" width=\"600\" height=\"400\" \/><\/a><br \/>\n<em><em>Le camion et la Voie Sacr\u00e9e en arri\u00e8re-plan<\/p>\n<p><\/em><\/em><\/div>\n<p>Ayant d\u00e9j\u00e0 eu le bonheur, au nom de notre<a href=\"http:\/\/mcp1418.eu\" target=\"_blank\"> <strong>association<\/strong><\/a> , de l&rsquo;accompagner une premi\u00e8re fois dans la Somme ; nous l&rsquo;avons retrouv\u00e9 sur la Voie Sacr\u00e9e, lors de l&rsquo;\u00e9tape Bar-le-Duc\/Verdun. C&rsquo;\u00e9tait le 9 novembre dernier.<\/p>\n<p>Vous pouvez d\u00e9couvrir <strong><a href=\"http:\/\/www.mcp1418.eu\/journal\/ce-nest-quun-au-revoir\/\" target=\"_blank\">ICI<\/a><\/strong> le r\u00e9cit de ce qui s&rsquo;est av\u00e9r\u00e9 \u00eatre sa derni\u00e8re \u00e9tape. Et avec tous ceux qui l&rsquo;ont accompagn\u00e9 durant son trajet, je peux t\u00e9moigner que m\u00eame s&rsquo;il n&rsquo;a pu aller jusqu&rsquo;au bout de son p\u00e9riple, ce que Dominique a r\u00e9alis\u00e9 entre Nieuwpoort (Belgique) et Verdun rel\u00e8ve d\u00e9j\u00e0 de l&rsquo;exploit.<\/p>\n<div class=\"image_block\" style=\"text-align: center;\">\n<p><a href=\"http:\/\/www.photoethistoire.eu\/blogs\/media\/blogs\/a\/camionVSacr2.jpg\"><img loading=\"lazy\" decoding=\"async\" class=\"aligncenter\" title=\"\" src=\"http:\/\/www.photoethistoire.eu\/blogs\/media\/blogs\/a\/camionVSacr2.jpg\" alt=\"\" width=\"600\" height=\"496\" \/><\/a><em>Ce n&rsquo;est qu&rsquo;un au-revoir !<\/em><\/p>\n<p>&nbsp;<\/p>\n<\/div>\n<\/div>\n<\/div>\n","protected":false},"excerpt":{"rendered":"<p>Il y a quelques semaines, j&rsquo;avais fait para\u00eetre un petit article sur le passage dans la Somme de notre ami Dominique Bleunven. Pour rappel son objectif \u00e9tait de parcourir, seul \u00e0 bord de son camion d&rsquo;\u00e9poque, les 1200 km du &hellip; <a href=\"https:\/\/www.photoethistoire.eu\/14-18\/2011\/12\/parcours-en-camion-de-dion-bouton-1917-ce-nest-quun-au-revoir\/\">Lire la suite <span class=\"meta-nav\">&rarr;<\/span><\/a><\/p>\n","protected":false},"author":1,"featured_media":0,"comment_status":"closed","ping_status":"open","sticky":false,"template":"","format":"standard","meta":{"footnotes":""},"categories":[1],"tags":[],"class_list":["post-306","post","type-post","status-publish","format-standard","hentry","category-chemins"],"_links":{"self":[{"href":"https:\/\/www.photoethistoire.eu\/14-18\/wp-json\/wp\/v2\/posts\/306","targetHints":{"allow":["GET"]}}],"collection":[{"href":"https:\/\/www.photoethistoire.eu\/14-18\/wp-json\/wp\/v2\/posts"}],"about":[{"href":"https:\/\/www.photoethistoire.eu\/14-18\/wp-json\/wp\/v2\/types\/post"}],"author":[{"embeddable":true,"href":"https:\/\/www.photoethistoire.eu\/14-18\/wp-json\/wp\/v2\/users\/1"}],"replies":[{"embeddable":true,"href":"https:\/\/www.photoethistoire.eu\/14-18\/wp-json\/wp\/v2\/comments?post=306"}],"version-history":[{"count":7,"href":"https:\/\/www.photoethistoire.eu\/14-18\/wp-json\/wp\/v2\/posts\/306\/revisions"}],"predecessor-version":[{"id":310,"href":"https:\/\/www.photoethistoire.eu\/14-18\/wp-json\/wp\/v2\/posts\/306\/revisions\/310"}],"wp:attachment":[{"href":"https:\/\/www.photoethistoire.eu\/14-18\/wp-json\/wp\/v2\/media?parent=306"}],"wp:term":[{"taxonomy":"category","embeddable":true,"href":"https:\/\/www.photoethistoire.eu\/14-18\/wp-json\/wp\/v2\/categories?post=306"},{"taxonomy":"post_tag","embeddable":true,"href":"https:\/\/www.photoethistoire.eu\/14-18\/wp-json\/wp\/v2\/tags?post=306"}],"curies":[{"name":"wp","href":"https:\/\/api.w.org\/{rel}","templated":true}]}}