{"id":315,"date":"2012-01-13T09:55:48","date_gmt":"2012-01-13T08:55:48","guid":{"rendered":"http:\/\/www.photoethistoire.eu\/14-18\/?p=315"},"modified":"2016-05-20T09:04:22","modified_gmt":"2016-05-20T08:04:22","slug":"re-inhumation-dun-soldat-inconnu-neo-zelandais-a-messines-b","status":"publish","type":"post","link":"https:\/\/www.photoethistoire.eu\/14-18\/2012\/01\/re-inhumation-dun-soldat-inconnu-neo-zelandais-a-messines-b\/","title":{"rendered":"Re-inhumation d&rsquo;un soldat inconnu n\u00e9o-z\u00e9landais \u00e0 Messines (B)"},"content":{"rendered":"<p>C&rsquo;est le vendredi 13 janvier qu&rsquo;a \u00e9t\u00e9 r\u00e9-inhum\u00e9 \u00e0 Messines un soldat n\u00e9o-z\u00e9landais dont le\u00a0corps, non identifi\u00e9,\u00a0avait \u00e9t\u00e9 retrouv\u00e9 lors de la construction d&rsquo;un b\u00e2timent en 2010.<\/p>\n<p><em>Article et photos dans les pages du <a href=\"http:\/\/www.mcp1418.eu\/journal\/en-belgique-re-inhumation-dun-soldat-neo-zelandais-de-14-18\/\"><strong>Canard de la cote 110<\/strong><\/a> sur le site de notre association.<\/em><\/p>\n<p>&nbsp;<\/p>\n","protected":false},"excerpt":{"rendered":"<p>C&rsquo;est le vendredi 13 janvier qu&rsquo;a \u00e9t\u00e9 r\u00e9-inhum\u00e9 \u00e0 Messines un soldat n\u00e9o-z\u00e9landais dont le\u00a0corps, non identifi\u00e9,\u00a0avait \u00e9t\u00e9 retrouv\u00e9 lors de la construction d&rsquo;un b\u00e2timent en 2010. Article et photos dans les pages du Canard de la cote 110 sur &hellip; <a href=\"https:\/\/www.photoethistoire.eu\/14-18\/2012\/01\/re-inhumation-dun-soldat-inconnu-neo-zelandais-a-messines-b\/\">Lire la suite <span class=\"meta-nav\">&rarr;<\/span><\/a><\/p>\n","protected":false},"author":1,"featured_media":0,"comment_status":"closed","ping_status":"open","sticky":false,"template":"","format":"standard","meta":{"footnotes":""},"categories":[1],"tags":[],"class_list":["post-315","post","type-post","status-publish","format-standard","hentry","category-chemins"],"_links":{"self":[{"href":"https:\/\/www.photoethistoire.eu\/14-18\/wp-json\/wp\/v2\/posts\/315","targetHints":{"allow":["GET"]}}],"collection":[{"href":"https:\/\/www.photoethistoire.eu\/14-18\/wp-json\/wp\/v2\/posts"}],"about":[{"href":"https:\/\/www.photoethistoire.eu\/14-18\/wp-json\/wp\/v2\/types\/post"}],"author":[{"embeddable":true,"href":"https:\/\/www.photoethistoire.eu\/14-18\/wp-json\/wp\/v2\/users\/1"}],"replies":[{"embeddable":true,"href":"https:\/\/www.photoethistoire.eu\/14-18\/wp-json\/wp\/v2\/comments?post=315"}],"version-history":[{"count":3,"href":"https:\/\/www.photoethistoire.eu\/14-18\/wp-json\/wp\/v2\/posts\/315\/revisions"}],"predecessor-version":[{"id":318,"href":"https:\/\/www.photoethistoire.eu\/14-18\/wp-json\/wp\/v2\/posts\/315\/revisions\/318"}],"wp:attachment":[{"href":"https:\/\/www.photoethistoire.eu\/14-18\/wp-json\/wp\/v2\/media?parent=315"}],"wp:term":[{"taxonomy":"category","embeddable":true,"href":"https:\/\/www.photoethistoire.eu\/14-18\/wp-json\/wp\/v2\/categories?post=315"},{"taxonomy":"post_tag","embeddable":true,"href":"https:\/\/www.photoethistoire.eu\/14-18\/wp-json\/wp\/v2\/tags?post=315"}],"curies":[{"name":"wp","href":"https:\/\/api.w.org\/{rel}","templated":true}]}}