{"id":333,"date":"2011-04-01T10:30:55","date_gmt":"2011-04-01T09:30:55","guid":{"rendered":"http:\/\/www.photoethistoire.eu\/14-18\/?p=333"},"modified":"2016-05-20T09:04:40","modified_gmt":"2016-05-20T08:04:40","slug":"souvenir-de-campagne","status":"publish","type":"post","link":"https:\/\/www.photoethistoire.eu\/14-18\/2011\/04\/souvenir-de-campagne\/","title":{"rendered":"Souvenir de campagne"},"content":{"rendered":"<div class=\"image_block\"><a href=\"http:\/\/www.photoethistoire.eu\/blogs\/media\/blogs\/a\/cartesphotos\/11et12escouade.jpg\"><img loading=\"lazy\" decoding=\"async\" class=\"aligncenter\" title=\"\" src=\"http:\/\/www.photoethistoire.eu\/blogs\/media\/blogs\/a\/cartesphotos\/11et12escouade.jpg\" alt=\"\" width=\"600\" height=\"460\" \/><\/a><\/div>\n<p style=\"text-align: center;\"><em>Cette carte-photo date du 11 juin 1915.<\/em><em>\u00a0<\/em><\/p>\n<p style=\"text-align: center;\"><em>Peut-\u00eatre \u00e9t\u00e9 \u00e9crite depuis une zone de repos \u00e0 l&rsquo;arri\u00e8re du front\u00a0.<\/em><\/p>\n<p>L&rsquo;auteur de la carte mentionne uniquement qu&rsquo;il s&rsquo;agit de quelques poilus de 11e et 12e escouade de la 21e compagnie. Si je n&rsquo;ai pas pu d\u00e9chiffrer la signature, je sais qu&rsquo;elle a \u00e9t\u00e9 adress\u00e9e \u00e0 un certain A. Salomon caporal de la 16e section C.O.A parc \u00e0 b\u00e9tail situ\u00e9 \u00e0 Beauvais(Oise) et qu&rsquo;il s&rsquo;agit de son cousin.<\/p>\n<p>Petit d\u00e9tail : \u00e0 l&rsquo;avant plan un soldat lit le \u00ab\u00a0Petit Journal\u00a0\u00bb et il tient \u00e0 la main ce qui semble \u00eatre un collier de cheval.<\/p>\n<p><em>De ces soldats, combien sont rentr\u00e9s sains et saufs ?<\/em><\/p>\n","protected":false},"excerpt":{"rendered":"<p>Cette carte-photo date du 11 juin 1915.\u00a0 Peut-\u00eatre \u00e9t\u00e9 \u00e9crite depuis une zone de repos \u00e0 l&rsquo;arri\u00e8re du front\u00a0. L&rsquo;auteur de la carte mentionne uniquement qu&rsquo;il s&rsquo;agit de quelques poilus de 11e et 12e escouade de la 21e compagnie. Si &hellip; <a href=\"https:\/\/www.photoethistoire.eu\/14-18\/2011\/04\/souvenir-de-campagne\/\">Lire la suite <span class=\"meta-nav\">&rarr;<\/span><\/a><\/p>\n","protected":false},"author":1,"featured_media":0,"comment_status":"closed","ping_status":"open","sticky":false,"template":"","format":"standard","meta":{"footnotes":""},"categories":[19],"tags":[],"class_list":["post-333","post","type-post","status-publish","format-standard","hentry","category-cartes"],"_links":{"self":[{"href":"https:\/\/www.photoethistoire.eu\/14-18\/wp-json\/wp\/v2\/posts\/333","targetHints":{"allow":["GET"]}}],"collection":[{"href":"https:\/\/www.photoethistoire.eu\/14-18\/wp-json\/wp\/v2\/posts"}],"about":[{"href":"https:\/\/www.photoethistoire.eu\/14-18\/wp-json\/wp\/v2\/types\/post"}],"author":[{"embeddable":true,"href":"https:\/\/www.photoethistoire.eu\/14-18\/wp-json\/wp\/v2\/users\/1"}],"replies":[{"embeddable":true,"href":"https:\/\/www.photoethistoire.eu\/14-18\/wp-json\/wp\/v2\/comments?post=333"}],"version-history":[{"count":3,"href":"https:\/\/www.photoethistoire.eu\/14-18\/wp-json\/wp\/v2\/posts\/333\/revisions"}],"predecessor-version":[{"id":336,"href":"https:\/\/www.photoethistoire.eu\/14-18\/wp-json\/wp\/v2\/posts\/333\/revisions\/336"}],"wp:attachment":[{"href":"https:\/\/www.photoethistoire.eu\/14-18\/wp-json\/wp\/v2\/media?parent=333"}],"wp:term":[{"taxonomy":"category","embeddable":true,"href":"https:\/\/www.photoethistoire.eu\/14-18\/wp-json\/wp\/v2\/categories?post=333"},{"taxonomy":"post_tag","embeddable":true,"href":"https:\/\/www.photoethistoire.eu\/14-18\/wp-json\/wp\/v2\/tags?post=333"}],"curies":[{"name":"wp","href":"https:\/\/api.w.org\/{rel}","templated":true}]}}