{"id":373,"date":"2010-07-08T11:57:57","date_gmt":"2010-07-08T10:57:57","guid":{"rendered":"http:\/\/www.photoethistoire.eu\/14-18\/?p=373"},"modified":"2016-05-20T09:04:40","modified_gmt":"2016-05-20T08:04:40","slug":"dans-les-tranchees-de-verdun","status":"publish","type":"post","link":"https:\/\/www.photoethistoire.eu\/14-18\/2010\/07\/dans-les-tranchees-de-verdun\/","title":{"rendered":"Dans les tranch\u00e9es de Verdun"},"content":{"rendered":"<p><a href=\"http:\/\/www.photoethistoire.eu\/blogs\/media\/blogs\/a\/cartesphotos\/soldatrepverdun.jpg\"><img loading=\"lazy\" decoding=\"async\" class=\"aligncenter\" title=\"\" src=\"http:\/\/www.photoethistoire.eu\/blogs\/media\/blogs\/a\/cartesphotos\/soldatrepverdun.jpg\" alt=\"\" width=\"463\" height=\"600\" \/><\/a><\/p>\n<div>\n<p style=\"text-align: center;\">Quelques d\u00e9tails de cette photo prise sur le vif.<\/p>\n<\/div>\n<div class=\"image_block\">\n<p><a href=\"http:\/\/www.photoethistoire.eu\/blogs\/media\/blogs\/a\/cartesphotos\/soldatrepverdun2.jpg\"><img loading=\"lazy\" decoding=\"async\" class=\"aligncenter\" title=\"\" src=\"http:\/\/www.photoethistoire.eu\/blogs\/media\/blogs\/a\/cartesphotos\/soldatrepverdun2.jpg\" alt=\"\" width=\"220\" height=\"600\" \/><\/a><\/p>\n<div>\n<p style=\"text-align: center;\"><em>Le fusil \u00e0 c\u00f4t\u00e9 du soldat de gauche<\/em><\/p>\n<\/div>\n<div class=\"image_block\">\n<p><a href=\"http:\/\/www.photoethistoire.eu\/blogs\/media\/blogs\/a\/cartesphotos\/soldatrepverdun3.jpg\"><img loading=\"lazy\" decoding=\"async\" class=\"aligncenter\" title=\"\" src=\"http:\/\/www.photoethistoire.eu\/blogs\/media\/blogs\/a\/cartesphotos\/soldatrepverdun3.jpg\" alt=\"\" width=\"600\" height=\"173\" \/><\/a><\/p>\n<div>\n<p style=\"text-align: center;\"><em>Tandis que celui de droite a pos\u00e9 le sien sur le bord de la tranch\u00e9e<\/em><\/p>\n<\/div>\n<div class=\"image_block\">\n<p><a href=\"http:\/\/www.photoethistoire.eu\/blogs\/media\/blogs\/a\/cartesphotos\/soldatrepverdun4.jpg\"><img loading=\"lazy\" decoding=\"async\" class=\"aligncenter\" title=\"\" src=\"http:\/\/www.photoethistoire.eu\/blogs\/media\/blogs\/a\/cartesphotos\/soldatrepverdun4.jpg\" alt=\"\" width=\"455\" height=\"284\" \/><\/a><\/p>\n<p style=\"text-align: center;\"><em>Quelques grenades pr\u00eates \u00e0 l&#8217;emploi dans un trou creus\u00e9 \u00e0 flanc de tranch\u00e9e<\/em><\/p>\n<\/div>\n<\/div>\n<\/div>\n","protected":false},"excerpt":{"rendered":"<p>Quelques d\u00e9tails de cette photo prise sur le vif. Le fusil \u00e0 c\u00f4t\u00e9 du soldat de gauche Tandis que celui de droite a pos\u00e9 le sien sur le bord de la tranch\u00e9e Quelques grenades pr\u00eates \u00e0 l&#8217;emploi dans un trou &hellip; <a href=\"https:\/\/www.photoethistoire.eu\/14-18\/2010\/07\/dans-les-tranchees-de-verdun\/\">Lire la suite <span class=\"meta-nav\">&rarr;<\/span><\/a><\/p>\n","protected":false},"author":1,"featured_media":0,"comment_status":"closed","ping_status":"open","sticky":false,"template":"","format":"standard","meta":{"footnotes":""},"categories":[27],"tags":[],"class_list":["post-373","post","type-post","status-publish","format-standard","hentry","category-photo14"],"_links":{"self":[{"href":"https:\/\/www.photoethistoire.eu\/14-18\/wp-json\/wp\/v2\/posts\/373","targetHints":{"allow":["GET"]}}],"collection":[{"href":"https:\/\/www.photoethistoire.eu\/14-18\/wp-json\/wp\/v2\/posts"}],"about":[{"href":"https:\/\/www.photoethistoire.eu\/14-18\/wp-json\/wp\/v2\/types\/post"}],"author":[{"embeddable":true,"href":"https:\/\/www.photoethistoire.eu\/14-18\/wp-json\/wp\/v2\/users\/1"}],"replies":[{"embeddable":true,"href":"https:\/\/www.photoethistoire.eu\/14-18\/wp-json\/wp\/v2\/comments?post=373"}],"version-history":[{"count":6,"href":"https:\/\/www.photoethistoire.eu\/14-18\/wp-json\/wp\/v2\/posts\/373\/revisions"}],"predecessor-version":[{"id":378,"href":"https:\/\/www.photoethistoire.eu\/14-18\/wp-json\/wp\/v2\/posts\/373\/revisions\/378"}],"wp:attachment":[{"href":"https:\/\/www.photoethistoire.eu\/14-18\/wp-json\/wp\/v2\/media?parent=373"}],"wp:term":[{"taxonomy":"category","embeddable":true,"href":"https:\/\/www.photoethistoire.eu\/14-18\/wp-json\/wp\/v2\/categories?post=373"},{"taxonomy":"post_tag","embeddable":true,"href":"https:\/\/www.photoethistoire.eu\/14-18\/wp-json\/wp\/v2\/tags?post=373"}],"curies":[{"name":"wp","href":"https:\/\/api.w.org\/{rel}","templated":true}]}}