{"id":387,"date":"2006-12-08T14:08:54","date_gmt":"2006-12-08T13:08:54","guid":{"rendered":"http:\/\/www.photoethistoire.eu\/14-18\/?p=387"},"modified":"2016-05-20T09:10:25","modified_gmt":"2016-05-20T08:10:25","slug":"387","status":"publish","type":"post","link":"https:\/\/www.photoethistoire.eu\/14-18\/2006\/12\/387\/","title":{"rendered":"Hommage \u00e0 une femme tranquille"},"content":{"rendered":"<p><strong>Ma grand-m\u00e8re paternelle<\/strong><\/p>\n<div class=\"image_block\">\n<p><img loading=\"lazy\" decoding=\"async\" class=\"aligncenter\" title=\"\" src=\"http:\/\/www.photoethistoire.eu\/blogs\/media\/blogs\/a\/Bobonne.jpg\" alt=\"\" width=\"132\" height=\"151\" \/><\/p>\n<p style=\"text-align: center;\"><em><strong>Flore VASSAMILLET-SIMON dite \u00ab\u00a0Reine\u00a0\u00bb<\/strong><\/em><\/p>\n<\/div>\n<p>De ce qu&rsquo;elle fit durant la guerre 40-45, je n&rsquo;ai que tr\u00e8s peu d&rsquo;\u00e9chos. A l&rsquo;instar de mon p\u00e8re, arr\u00eat\u00e9 pour faits de r\u00e9sistance puis d\u00e9port\u00e9 vers les camps de concentration de Flossenb\u00fcrg et Dachau, elle parlait peu de cette p\u00e9riode sinon par bribes et morceaux.<\/p>\n<p>Son attitude durant ces temps troubl\u00e9s \u00e9tait, pour elle, une chose \u00ab normale \u00bb \u00e0 laquelle il \u00e9tait inutile de s&rsquo;attarder. Alors on ne posait pas trop de questions. On en posait d&rsquo;autant moins, qu&rsquo;elles ravivaient immanquablement le souvenir des souffrances endur\u00e9es par son fils, souffrances qui ont hant\u00e9 l&rsquo;esprit de ce dernier toute sa vie durant.<\/p>\n<p>Ainsi fait qu&rsquo;on parlait peu de ces choses-l\u00e0 mais des r\u00e9sistants m&rsquo;ont confirm\u00e9 qu&rsquo;elle avait cach\u00e9 des aviateurs alli\u00e9s en attente d&rsquo;\u00eatre \u00e9vacu\u00e9s et que les membres de l&rsquo;Arm\u00e9e Secr\u00e8te du secteur 5 &#8211; Zone V trouvaient chez elle accueil et refuge. En t\u00e9moigne d&rsquo;ailleurs sa citation \u00e0 l&rsquo;ordre du jour de l&rsquo;Arm\u00e9e Secr\u00e8te.<\/p>\n<div class=\"image_block\"><img loading=\"lazy\" decoding=\"async\" class=\"aligncenter\" title=\"\" src=\"http:\/\/www.photoethistoire.eu\/blogs\/media\/blogs\/a\/dipl.bobonne.jpg\" alt=\"\" width=\"600\" height=\"435\" \/><\/div>\n<p>Ses actions lui ont aussi valu le t\u00e9moignage suivant<\/p>\n<div class=\"image_block\"><img loading=\"lazy\" decoding=\"async\" class=\"aligncenter\" title=\"\" src=\"http:\/\/www.photoethistoire.eu\/blogs\/media\/blogs\/a\/bobondocu.jpg\" alt=\"\" width=\"522\" height=\"460\" \/><\/div>\n","protected":false},"excerpt":{"rendered":"<p>Ma grand-m\u00e8re paternelle Flore VASSAMILLET-SIMON dite \u00ab\u00a0Reine\u00a0\u00bb De ce qu&rsquo;elle fit durant la guerre 40-45, je n&rsquo;ai que tr\u00e8s peu d&rsquo;\u00e9chos. A l&rsquo;instar de mon p\u00e8re, arr\u00eat\u00e9 pour faits de r\u00e9sistance puis d\u00e9port\u00e9 vers les camps de concentration de Flossenb\u00fcrg &hellip; <a href=\"https:\/\/www.photoethistoire.eu\/14-18\/2006\/12\/387\/\">Lire la suite <span class=\"meta-nav\">&rarr;<\/span><\/a><\/p>\n","protected":false},"author":1,"featured_media":0,"comment_status":"closed","ping_status":"open","sticky":false,"template":"","format":"standard","meta":{"footnotes":""},"categories":[25],"tags":[],"class_list":["post-387","post","type-post","status-publish","format-standard","hentry","category-notres"],"_links":{"self":[{"href":"https:\/\/www.photoethistoire.eu\/14-18\/wp-json\/wp\/v2\/posts\/387","targetHints":{"allow":["GET"]}}],"collection":[{"href":"https:\/\/www.photoethistoire.eu\/14-18\/wp-json\/wp\/v2\/posts"}],"about":[{"href":"https:\/\/www.photoethistoire.eu\/14-18\/wp-json\/wp\/v2\/types\/post"}],"author":[{"embeddable":true,"href":"https:\/\/www.photoethistoire.eu\/14-18\/wp-json\/wp\/v2\/users\/1"}],"replies":[{"embeddable":true,"href":"https:\/\/www.photoethistoire.eu\/14-18\/wp-json\/wp\/v2\/comments?post=387"}],"version-history":[{"count":2,"href":"https:\/\/www.photoethistoire.eu\/14-18\/wp-json\/wp\/v2\/posts\/387\/revisions"}],"predecessor-version":[{"id":514,"href":"https:\/\/www.photoethistoire.eu\/14-18\/wp-json\/wp\/v2\/posts\/387\/revisions\/514"}],"wp:attachment":[{"href":"https:\/\/www.photoethistoire.eu\/14-18\/wp-json\/wp\/v2\/media?parent=387"}],"wp:term":[{"taxonomy":"category","embeddable":true,"href":"https:\/\/www.photoethistoire.eu\/14-18\/wp-json\/wp\/v2\/categories?post=387"},{"taxonomy":"post_tag","embeddable":true,"href":"https:\/\/www.photoethistoire.eu\/14-18\/wp-json\/wp\/v2\/tags?post=387"}],"curies":[{"name":"wp","href":"https:\/\/api.w.org\/{rel}","templated":true}]}}