{"id":413,"date":"2007-02-03T14:38:28","date_gmt":"2007-02-03T13:38:28","guid":{"rendered":"http:\/\/www.photoethistoire.eu\/14-18\/?p=413"},"modified":"2016-05-20T09:10:07","modified_gmt":"2016-05-20T08:10:07","slug":"413","status":"publish","type":"post","link":"https:\/\/www.photoethistoire.eu\/14-18\/2007\/02\/413\/","title":{"rendered":"Morville (B)"},"content":{"rendered":"<p>Au cours de recherches g\u00e9n\u00e9alogiques effectu\u00e9es dans le cimeti\u00e8re du petit village de Morville (Namur), pr\u00e8s de l&rsquo;entr\u00e9e j&rsquo;ai remarqu\u00e9 cette tombe isol\u00e9e. Il s&rsquo;agit d&rsquo;un soldat australien d\u00e9c\u00e9d\u00e9 apr\u00e8s l&rsquo;armistice. Des suites de ses blessures?<\/p>\n<div class=\"image_block\">\n<p><img loading=\"lazy\" decoding=\"async\" class=\"aligncenter\" title=\"\" src=\"http:\/\/www.photoethistoire.eu\/blogs\/media\/blogs\/a\/morville2.jpg\" alt=\"\" width=\"136\" height=\"400\" \/><\/p>\n<p>Sa s\u00e9pulture \u00e9tait d&rsquo;abord surmont\u00e9e d&rsquo;un premier monument avant que les services des CWGC(*) y ajoutent la pierre tombale caract\u00e9ristique des cimeti\u00e8res du Commonwealth.<\/p>\n<\/div>\n<div class=\"image_block\">\n<p><img loading=\"lazy\" decoding=\"async\" class=\"aligncenter\" title=\"\" src=\"http:\/\/www.photoethistoire.eu\/blogs\/media\/blogs\/a\/Morville-tbe-australien.jpg\" alt=\"\" width=\"505\" height=\"475\" \/><\/p>\n<p style=\"text-align: center;\"><strong>ASKEW Alfred William<\/strong><br \/>\nAustralian Staff Sergent (Mechanic) &#8211; Australian Army Service Corps<br \/>\n4th Div. Trans. Sect.<br \/>\n25\/12\/1918<br \/>\n29 ans<\/p>\n<\/div>\n<p style=\"text-align: left;\"><em>(*)Commonwealth War Graves Commission<\/em><\/p>\n","protected":false},"excerpt":{"rendered":"<p>Au cours de recherches g\u00e9n\u00e9alogiques effectu\u00e9es dans le cimeti\u00e8re du petit village de Morville (Namur), pr\u00e8s de l&rsquo;entr\u00e9e j&rsquo;ai remarqu\u00e9 cette tombe isol\u00e9e. Il s&rsquo;agit d&rsquo;un soldat australien d\u00e9c\u00e9d\u00e9 apr\u00e8s l&rsquo;armistice. Des suites de ses blessures? Sa s\u00e9pulture \u00e9tait d&rsquo;abord &hellip; <a href=\"https:\/\/www.photoethistoire.eu\/14-18\/2007\/02\/413\/\">Lire la suite <span class=\"meta-nav\">&rarr;<\/span><\/a><\/p>\n","protected":false},"author":1,"featured_media":0,"comment_status":"closed","ping_status":"open","sticky":false,"template":"","format":"standard","meta":{"footnotes":""},"categories":[1],"tags":[],"class_list":["post-413","post","type-post","status-publish","format-standard","hentry","category-chemins"],"_links":{"self":[{"href":"https:\/\/www.photoethistoire.eu\/14-18\/wp-json\/wp\/v2\/posts\/413","targetHints":{"allow":["GET"]}}],"collection":[{"href":"https:\/\/www.photoethistoire.eu\/14-18\/wp-json\/wp\/v2\/posts"}],"about":[{"href":"https:\/\/www.photoethistoire.eu\/14-18\/wp-json\/wp\/v2\/types\/post"}],"author":[{"embeddable":true,"href":"https:\/\/www.photoethistoire.eu\/14-18\/wp-json\/wp\/v2\/users\/1"}],"replies":[{"embeddable":true,"href":"https:\/\/www.photoethistoire.eu\/14-18\/wp-json\/wp\/v2\/comments?post=413"}],"version-history":[{"count":3,"href":"https:\/\/www.photoethistoire.eu\/14-18\/wp-json\/wp\/v2\/posts\/413\/revisions"}],"predecessor-version":[{"id":513,"href":"https:\/\/www.photoethistoire.eu\/14-18\/wp-json\/wp\/v2\/posts\/413\/revisions\/513"}],"wp:attachment":[{"href":"https:\/\/www.photoethistoire.eu\/14-18\/wp-json\/wp\/v2\/media?parent=413"}],"wp:term":[{"taxonomy":"category","embeddable":true,"href":"https:\/\/www.photoethistoire.eu\/14-18\/wp-json\/wp\/v2\/categories?post=413"},{"taxonomy":"post_tag","embeddable":true,"href":"https:\/\/www.photoethistoire.eu\/14-18\/wp-json\/wp\/v2\/tags?post=413"}],"curies":[{"name":"wp","href":"https:\/\/api.w.org\/{rel}","templated":true}]}}