{"id":447,"date":"2007-04-09T15:14:20","date_gmt":"2007-04-09T14:14:20","guid":{"rendered":"http:\/\/www.photoethistoire.eu\/14-18\/?p=447"},"modified":"2016-05-20T09:10:06","modified_gmt":"2016-05-20T08:10:06","slug":"court-st-etienne-b","status":"publish","type":"post","link":"https:\/\/www.photoethistoire.eu\/14-18\/2007\/04\/court-st-etienne-b\/","title":{"rendered":"Court St Etienne (B)"},"content":{"rendered":"<div class=\"image_block\"><img loading=\"lazy\" decoding=\"async\" class=\"aligncenter\" title=\"\" src=\"http:\/\/www.photoethistoire.eu\/blogs\/media\/blogs\/a\/monuments\/courtstetienne.jpg\" alt=\"\" width=\"600\" height=\"400\" \/><\/div>\n<p>Monument \u00e9rig\u00e9 en souvenir des 43 officiers, sous-officiers et soldats fran\u00e7ais tomb\u00e9s ici en mai 1940. Selon les plaques comm\u00e9moratives sur le monuments ces hommes appartenaient aux: 22eme R.T.A.-215eme R.D.A-1er R.I.- 47eme R.I.<\/p>\n<p><strong>BAKE A. &#8211; BANQUART H.- BELAOLIDA.- BENZEKRI M.- BRIERE G. -BOUHASSOUM A. &#8211; CARON L. &#8211; CAILLEAU N.<\/strong><\/p>\n<p>DAACHI M. -DAVAINE J. &#8211; DEGARDIN T.- DELAPORTE A.-DUPONT J.-DUQUESNOIS R. &#8211; FRESIER E.- FRIQUET E.<\/p>\n<p>GHEERBRANDT &#8211; GOUBET M.- HADJA K.- HOLVOET M.- HOUALEF M.- HUYVAERT L. &#8211; KHALFAHAH M. &#8211;<\/p>\n<p>LALA Bouchentouf (classe 1922, 22 \u00e9me RTA, 10 \u00e9me Compagnie &#8211; D\u00e9c\u00e9d\u00e9 le 15 Mai 1940 au champ d&rsquo;honneur a Court Saint Etienne)<\/p>\n<p>LAMBERT P. &#8211; LAMBINET A. &#8211; LANSIAUX A.- LAYCHI A. &#8211; LECAT P.- LELEU H. &#8211; MANIER E.- MESSAOUDAR S.<\/p>\n<p>MOKKTAR M. &#8211; MULLER J. &#8211; NOVOCZYN L.- PETIT F.- RIOLLOT Y. &#8211; ROUGEMONT M. &#8211; SAINT-MAXENT A.<\/p>\n<p>TAHIR M.- VERCOURTRE R. &#8211; WAROQUET &#8211; un inconnu<\/p>\n<p>&nbsp;<\/p>\n","protected":false},"excerpt":{"rendered":"<p>Monument \u00e9rig\u00e9 en souvenir des 43 officiers, sous-officiers et soldats fran\u00e7ais tomb\u00e9s ici en mai 1940. Selon les plaques comm\u00e9moratives sur le monuments ces hommes appartenaient aux: 22eme R.T.A.-215eme R.D.A-1er R.I.- 47eme R.I. BAKE A. &#8211; BANQUART H.- BELAOLIDA.- BENZEKRI &hellip; <a href=\"https:\/\/www.photoethistoire.eu\/14-18\/2007\/04\/court-st-etienne-b\/\">Lire la suite <span class=\"meta-nav\">&rarr;<\/span><\/a><\/p>\n","protected":false},"author":1,"featured_media":0,"comment_status":"closed","ping_status":"open","sticky":false,"template":"","format":"standard","meta":{"footnotes":""},"categories":[22],"tags":[],"class_list":["post-447","post","type-post","status-publish","format-standard","hentry","category-monu"],"_links":{"self":[{"href":"https:\/\/www.photoethistoire.eu\/14-18\/wp-json\/wp\/v2\/posts\/447","targetHints":{"allow":["GET"]}}],"collection":[{"href":"https:\/\/www.photoethistoire.eu\/14-18\/wp-json\/wp\/v2\/posts"}],"about":[{"href":"https:\/\/www.photoethistoire.eu\/14-18\/wp-json\/wp\/v2\/types\/post"}],"author":[{"embeddable":true,"href":"https:\/\/www.photoethistoire.eu\/14-18\/wp-json\/wp\/v2\/users\/1"}],"replies":[{"embeddable":true,"href":"https:\/\/www.photoethistoire.eu\/14-18\/wp-json\/wp\/v2\/comments?post=447"}],"version-history":[{"count":6,"href":"https:\/\/www.photoethistoire.eu\/14-18\/wp-json\/wp\/v2\/posts\/447\/revisions"}],"predecessor-version":[{"id":1167,"href":"https:\/\/www.photoethistoire.eu\/14-18\/wp-json\/wp\/v2\/posts\/447\/revisions\/1167"}],"wp:attachment":[{"href":"https:\/\/www.photoethistoire.eu\/14-18\/wp-json\/wp\/v2\/media?parent=447"}],"wp:term":[{"taxonomy":"category","embeddable":true,"href":"https:\/\/www.photoethistoire.eu\/14-18\/wp-json\/wp\/v2\/categories?post=447"},{"taxonomy":"post_tag","embeddable":true,"href":"https:\/\/www.photoethistoire.eu\/14-18\/wp-json\/wp\/v2\/tags?post=447"}],"curies":[{"name":"wp","href":"https:\/\/api.w.org\/{rel}","templated":true}]}}