{"id":455,"date":"2007-04-13T15:24:22","date_gmt":"2007-04-13T14:24:22","guid":{"rendered":"http:\/\/www.photoethistoire.eu\/14-18\/?p=455"},"modified":"2016-05-20T09:09:49","modified_gmt":"2016-05-20T08:09:49","slug":"in-flanders-fields","status":"publish","type":"post","link":"https:\/\/www.photoethistoire.eu\/14-18\/2007\/04\/in-flanders-fields\/","title":{"rendered":"In Flanders Fields"},"content":{"rendered":"<p><img loading=\"lazy\" decoding=\"async\" class=\"aligncenter\" title=\"\" src=\"http:\/\/www.photoethistoire.eu\/blogs\/media\/blogs\/a\/flfields.jpg\" alt=\"\" width=\"405\" height=\"574\" \/><\/p>\n<p>Ce po\u00e8me fut compos\u00e9 en mai 1915 par le lieutenant-colonel John Mc Crae, m\u00e9decin militaire canadien<\/p>\n<blockquote><p>Au champ d&rsquo;honneur, les coquelicots<br \/>\nSont parsem\u00e9s de lot en lot<br \/>\nAupr\u00e8s des croix; et dans l&rsquo;espace<br \/>\nLes alouettes devenues lasses<br \/>\nM\u00ealent leurs chants au sifflement<br \/>\nDes obusiers.<\/p>\n<p>Nous sommes morts,<br \/>\nNous qui songions la veille encor&rsquo;<br \/>\n\u00c0 nos parents, \u00e0 nos amis,<br \/>\nC&rsquo;est nous qui reposons ici,<br \/>\nAu champ d&rsquo;honneur.<br \/>\n\u00c0 vous jeunes d\u00e9sabus\u00e9s,<br \/>\n\u00c0 vous de porter l&rsquo;oriflamme<br \/>\nEt de garder au fond de l&rsquo;\u00e2me<br \/>\nLe go\u00fbt de vivre en libert\u00e9.<br \/>\nAcceptez le d\u00e9fi, sinon<br \/>\nLes coquelicots se faneront<br \/>\nAu champ d&rsquo;honneur.<\/p><\/blockquote>\n<p>(On doit la traduction fran\u00e7aise \u00e0 Jean Pariseau)<\/p>\n","protected":false},"excerpt":{"rendered":"<p>Ce po\u00e8me fut compos\u00e9 en mai 1915 par le lieutenant-colonel John Mc Crae, m\u00e9decin militaire canadien Au champ d&rsquo;honneur, les coquelicots Sont parsem\u00e9s de lot en lot Aupr\u00e8s des croix; et dans l&rsquo;espace Les alouettes devenues lasses M\u00ealent leurs chants &hellip; <a href=\"https:\/\/www.photoethistoire.eu\/14-18\/2007\/04\/in-flanders-fields\/\">Lire la suite <span class=\"meta-nav\">&rarr;<\/span><\/a><\/p>\n","protected":false},"author":1,"featured_media":0,"comment_status":"closed","ping_status":"open","sticky":false,"template":"","format":"standard","meta":{"footnotes":""},"categories":[1],"tags":[],"class_list":["post-455","post","type-post","status-publish","format-standard","hentry","category-chemins"],"_links":{"self":[{"href":"https:\/\/www.photoethistoire.eu\/14-18\/wp-json\/wp\/v2\/posts\/455","targetHints":{"allow":["GET"]}}],"collection":[{"href":"https:\/\/www.photoethistoire.eu\/14-18\/wp-json\/wp\/v2\/posts"}],"about":[{"href":"https:\/\/www.photoethistoire.eu\/14-18\/wp-json\/wp\/v2\/types\/post"}],"author":[{"embeddable":true,"href":"https:\/\/www.photoethistoire.eu\/14-18\/wp-json\/wp\/v2\/users\/1"}],"replies":[{"embeddable":true,"href":"https:\/\/www.photoethistoire.eu\/14-18\/wp-json\/wp\/v2\/comments?post=455"}],"version-history":[{"count":1,"href":"https:\/\/www.photoethistoire.eu\/14-18\/wp-json\/wp\/v2\/posts\/455\/revisions"}],"predecessor-version":[{"id":456,"href":"https:\/\/www.photoethistoire.eu\/14-18\/wp-json\/wp\/v2\/posts\/455\/revisions\/456"}],"wp:attachment":[{"href":"https:\/\/www.photoethistoire.eu\/14-18\/wp-json\/wp\/v2\/media?parent=455"}],"wp:term":[{"taxonomy":"category","embeddable":true,"href":"https:\/\/www.photoethistoire.eu\/14-18\/wp-json\/wp\/v2\/categories?post=455"},{"taxonomy":"post_tag","embeddable":true,"href":"https:\/\/www.photoethistoire.eu\/14-18\/wp-json\/wp\/v2\/tags?post=455"}],"curies":[{"name":"wp","href":"https:\/\/api.w.org\/{rel}","templated":true}]}}