{"id":463,"date":"2007-04-23T15:29:35","date_gmt":"2007-04-23T14:29:35","guid":{"rendered":"http:\/\/www.photoethistoire.eu\/14-18\/?p=463"},"modified":"2021-02-10T18:12:54","modified_gmt":"2021-02-10T17:12:54","slug":"armee-secrete-zone-v-secteur-5-b","status":"publish","type":"post","link":"https:\/\/www.photoethistoire.eu\/14-18\/2007\/04\/armee-secrete-zone-v-secteur-5-b\/","title":{"rendered":"Arm\u00e9e secr\u00e8te Zone V &#8211; Secteur 5 (B)"},"content":{"rendered":"<div class=\"image_block\">\n<div class=\"image_block\">\n<p><img loading=\"lazy\" decoding=\"async\" class=\"aligncenter\" title=\"\" src=\"http:\/\/www.photoethistoire.eu\/blogs\/media\/blogs\/a\/monuments\/monuasjannee.jpg\" alt=\"\" width=\"400\" height=\"600\" \/><\/p>\n<p style=\"text-align: center;\"><em>Monument \u00e0 la m\u00e9moire des hommes du groupe A<\/em><br \/>\n<em> (Jann\u00e9e N4 en direction de Marche-en-Famenne)<\/em><\/p>\n<\/div>\n<p><strong>BERTRAND<\/strong> Alfred &#8211; Haversin &#8211; Tu\u00e9 \u00e0 Jann\u00e9e le 27-08-1944<\/p>\n<p><strong>BEAURAING<\/strong> Gilbert &#8211; Hamois &#8211; Disparu<\/p>\n<p><strong>BLOMME<\/strong> Michel &#8211; Ciney &#8211; Tu\u00e9 \u00e0 Sorrines le 6-09-1944<\/p>\n<p><strong>CHARLES<\/strong> Hubert &#8211; Spontin &#8211; Tu\u00e9 \u00e0 Jann\u00e9e le 27-08-1944<\/p>\n<p><strong>DELREE<\/strong> David &#8211; Leignon &#8211; Tu\u00e9 \u00e0 Sorrines le 6-09-1944<\/p>\n<p><strong>DENIS<\/strong> Louis &#8211; Seilles &#8211; Tu\u00e9 \u00e0 Jann\u00e9e le 27-08-1944<\/p>\n<p><strong>DELVAUX<\/strong> Joseph &#8211; Ciney &#8211; Tu\u00e9 \u00e0 Ciney le 28-08-1944<\/p>\n<p><strong>DEVILLERS<\/strong> Fran\u00e7ois &#8211; Seilles &#8211; Tu\u00e9 \u00e0 Sorrines le 7-09-1944<\/p>\n<p><strong>DUSSART<\/strong>Emile &#8211; Ciney &#8211; Tu\u00e9 \u00e0 Sorrines le 7-09-1944<\/p>\n<p><strong>GOBLET<\/strong> Albert &#8211; Leignon &#8211; Disparu<\/p>\n<p><strong>GODART<\/strong> Louis -Ciney &#8211; Disparu<\/p>\n<p><strong>KONRADT<\/strong> Pierre &#8211; Grand Ducal &#8211; Tu\u00e9 \u00e0 Purnode le 17-08-1944<\/p>\n<p><strong>LACOUR<\/strong> Joseph &#8211; Paris &#8211; Tu\u00e9 \u00e0 Corbion le 6-09-1944<\/p>\n<p><strong>LEFEVRE<\/strong> Jean &#8211; Ciney &#8211; Disparu<\/p>\n<p><strong>LEONARD<\/strong> Lambert &#8211; Sovet &#8211; Tu\u00e9 \u00e0 Sorrines le 7-09-1944<\/p>\n<p><strong>MATHIEU<\/strong> Fran\u00e7ois &#8211; Ciney &#8211; Tu\u00e9 \u00e0 Jann\u00e9e le 27-08-1944<\/p>\n<p><strong>MAUDOUX<\/strong> Camille &#8211; Braibant &#8211; Disparu<\/p>\n<p><strong>PESESSE<\/strong> Albert &#8211; Corbion &#8211; Tu\u00e9 \u00e0 Corbion le 6-09-1944<\/p>\n<p><strong>PESESSE<\/strong> Joseph &#8211; Corbion &#8211; Tu\u00e9 \u00e0 Jann\u00e9e le 27-08-1944<\/p>\n<p><strong>ROBERT<\/strong> Ren\u00e9 &#8211; Ciney &#8211; Mort \u00e0 Elbruck le 17-03-1945<\/p>\n<p><strong>THIBAUT<\/strong> Jacques &#8211; Dinant &#8211; Tu\u00e9 \u00e0 Custinne le 25-08-1944<\/p>\n<p><strong>WALMACQ<\/strong> Achille &#8211; Ciney &#8211; Tu\u00e9 \u00e0 Sorrines le 7-09-1944<\/p>\n<div class=\"image_block\"><img loading=\"lazy\" decoding=\"async\" class=\"aligncenter\" title=\"\" src=\"http:\/\/www.photoethistoire.eu\/blogs\/media\/blogs\/a\/\/ASinsigne.jpg\" alt=\"\" width=\"150\" height=\"133\" \/><\/div>\n<p>Ces noms ont \u00e9t\u00e9 recopi\u00e9s tels qu&rsquo;inscrits sur le monument mais \u00e0 la lecture du livre du colonel Marquet(*) il semblerait que :<\/p>\n<p>&#8211; BEAURAING (en r\u00e9alit\u00e9 BAURIN) Gilbert serait mort, sans doute en captivit\u00e9, fin ao\u00fbt 1944<\/p>\n<p>&#8211; GOBLET Albert serait mort en captivit\u00e9 \u00e0 Z\u00fcreberg en avril 1945<\/p>\n<p>&#8211; GODART (GOBART) Louis serait mort en captivit\u00e9 \u00e0 Neuengamme le 13.01.1945<\/p>\n<p>&#8211; LEFEVRE (LEFBVRE) Jean serait mort \u00e0 Hambourg le 4.12.1944<\/p>\n<p>&#8211; MAUDOUX Camille aurait \u00e9t\u00e9 ex\u00e9cut\u00e9 \u00e0 Dinant le 1.09.1944<\/p>\n<p><em>(*)Source : \u00ab\u00a0Entre Bocq et Semois, l&rsquo;Arm\u00e9e Secr\u00e8te &#8211; Zone V -Secteur 5\u00a0\u00bb &#8211; Auteur Colonel Victor Marquet &#8211; Remy Editeurs &#8211; Beauraing)<\/em><\/p>\n<p>&nbsp;<\/p>\n<\/div>\n","protected":false},"excerpt":{"rendered":"<p>Monument \u00e0 la m\u00e9moire des hommes du groupe A (Jann\u00e9e N4 en direction de Marche-en-Famenne) BERTRAND Alfred &#8211; Haversin &#8211; Tu\u00e9 \u00e0 Jann\u00e9e le 27-08-1944 BEAURAING Gilbert &#8211; Hamois &#8211; Disparu BLOMME Michel &#8211; Ciney &#8211; Tu\u00e9 \u00e0 Sorrines le &hellip; <a href=\"https:\/\/www.photoethistoire.eu\/14-18\/2007\/04\/armee-secrete-zone-v-secteur-5-b\/\">Lire la suite <span class=\"meta-nav\">&rarr;<\/span><\/a><\/p>\n","protected":false},"author":1,"featured_media":0,"comment_status":"closed","ping_status":"open","sticky":false,"template":"","format":"standard","meta":{"footnotes":""},"categories":[22],"tags":[],"class_list":["post-463","post","type-post","status-publish","format-standard","hentry","category-monu"],"_links":{"self":[{"href":"https:\/\/www.photoethistoire.eu\/14-18\/wp-json\/wp\/v2\/posts\/463","targetHints":{"allow":["GET"]}}],"collection":[{"href":"https:\/\/www.photoethistoire.eu\/14-18\/wp-json\/wp\/v2\/posts"}],"about":[{"href":"https:\/\/www.photoethistoire.eu\/14-18\/wp-json\/wp\/v2\/types\/post"}],"author":[{"embeddable":true,"href":"https:\/\/www.photoethistoire.eu\/14-18\/wp-json\/wp\/v2\/users\/1"}],"replies":[{"embeddable":true,"href":"https:\/\/www.photoethistoire.eu\/14-18\/wp-json\/wp\/v2\/comments?post=463"}],"version-history":[{"count":6,"href":"https:\/\/www.photoethistoire.eu\/14-18\/wp-json\/wp\/v2\/posts\/463\/revisions"}],"predecessor-version":[{"id":1994,"href":"https:\/\/www.photoethistoire.eu\/14-18\/wp-json\/wp\/v2\/posts\/463\/revisions\/1994"}],"wp:attachment":[{"href":"https:\/\/www.photoethistoire.eu\/14-18\/wp-json\/wp\/v2\/media?parent=463"}],"wp:term":[{"taxonomy":"category","embeddable":true,"href":"https:\/\/www.photoethistoire.eu\/14-18\/wp-json\/wp\/v2\/categories?post=463"},{"taxonomy":"post_tag","embeddable":true,"href":"https:\/\/www.photoethistoire.eu\/14-18\/wp-json\/wp\/v2\/tags?post=463"}],"curies":[{"name":"wp","href":"https:\/\/api.w.org\/{rel}","templated":true}]}}