{"id":469,"date":"2007-04-27T15:47:29","date_gmt":"2007-04-27T14:47:29","guid":{"rendered":"http:\/\/www.photoethistoire.eu\/14-18\/?p=469"},"modified":"2016-05-20T09:09:49","modified_gmt":"2016-05-20T08:09:49","slug":"ypres-porte-de-menin-b","status":"publish","type":"post","link":"https:\/\/www.photoethistoire.eu\/14-18\/2007\/04\/ypres-porte-de-menin-b\/","title":{"rendered":"Ypres &#8211; Porte de Menin (B)"},"content":{"rendered":"<div class=\"image_block\">\n<p><img loading=\"lazy\" decoding=\"async\" class=\"aligncenter\" title=\"\" src=\"http:\/\/www.photoethistoire.eu\/blogs\/media\/blogs\/a\/monuments\/portemenin.jpg\" alt=\"\" width=\"590\" height=\"407\" \/><\/p>\n<p>Ce m\u00e9morial a \u00e9t\u00e9 \u00e9difi\u00e9 \u00e0 l&#8217;emplacement d&rsquo;une porte datant du XVIIe sur les remparts d&rsquo;Ypres.<br \/>\nIl comm\u00e9more le souvenir des 54.896 soldats britanniques et du Commonwealth tu\u00e9s dans la r\u00e9gion en 1914-1918.<br \/>\n(notamment dans le \u00ab salliant d&rsquo;Ypres)<\/p>\n<p>Au-dessus de l&rsquo;arche centrale on peut lire :<\/p>\n<p><em><strong>\u00ab\u00a0AUX ARM\u00c9ES DE L&rsquo;EMPIRE BRITANNIQUE QUI COMBATTIRENT ICI DE 1914 \u00c0 1918 ET \u00c0 LEURS MORTS DONT LA TOMBE EST INCONNUE\u00a0\u00bb<\/strong><\/em><\/p>\n<\/div>\n<p>Tous les soirs \u00e0 20h, et ce depuis le 24 juillet 1927, la circulation est coup\u00e9e et le Last Post retentit sous ses arcades en hommage \u00e0 ces soldats. Durant la seconde guerre mondiale la c\u00e9r\u00e9monie eut lieu en Angleterre mais au soir m\u00eame de la lib\u00e9ration d&rsquo;Ypres elle a reprit sa place sous la porte de Menin.<\/p>\n","protected":false},"excerpt":{"rendered":"<p>Ce m\u00e9morial a \u00e9t\u00e9 \u00e9difi\u00e9 \u00e0 l&#8217;emplacement d&rsquo;une porte datant du XVIIe sur les remparts d&rsquo;Ypres. Il comm\u00e9more le souvenir des 54.896 soldats britanniques et du Commonwealth tu\u00e9s dans la r\u00e9gion en 1914-1918. (notamment dans le \u00ab salliant d&rsquo;Ypres) Au-dessus &hellip; <a href=\"https:\/\/www.photoethistoire.eu\/14-18\/2007\/04\/ypres-porte-de-menin-b\/\">Lire la suite <span class=\"meta-nav\">&rarr;<\/span><\/a><\/p>\n","protected":false},"author":1,"featured_media":0,"comment_status":"closed","ping_status":"open","sticky":false,"template":"","format":"standard","meta":{"footnotes":""},"categories":[1],"tags":[],"class_list":["post-469","post","type-post","status-publish","format-standard","hentry","category-chemins"],"_links":{"self":[{"href":"https:\/\/www.photoethistoire.eu\/14-18\/wp-json\/wp\/v2\/posts\/469","targetHints":{"allow":["GET"]}}],"collection":[{"href":"https:\/\/www.photoethistoire.eu\/14-18\/wp-json\/wp\/v2\/posts"}],"about":[{"href":"https:\/\/www.photoethistoire.eu\/14-18\/wp-json\/wp\/v2\/types\/post"}],"author":[{"embeddable":true,"href":"https:\/\/www.photoethistoire.eu\/14-18\/wp-json\/wp\/v2\/users\/1"}],"replies":[{"embeddable":true,"href":"https:\/\/www.photoethistoire.eu\/14-18\/wp-json\/wp\/v2\/comments?post=469"}],"version-history":[{"count":2,"href":"https:\/\/www.photoethistoire.eu\/14-18\/wp-json\/wp\/v2\/posts\/469\/revisions"}],"predecessor-version":[{"id":471,"href":"https:\/\/www.photoethistoire.eu\/14-18\/wp-json\/wp\/v2\/posts\/469\/revisions\/471"}],"wp:attachment":[{"href":"https:\/\/www.photoethistoire.eu\/14-18\/wp-json\/wp\/v2\/media?parent=469"}],"wp:term":[{"taxonomy":"category","embeddable":true,"href":"https:\/\/www.photoethistoire.eu\/14-18\/wp-json\/wp\/v2\/categories?post=469"},{"taxonomy":"post_tag","embeddable":true,"href":"https:\/\/www.photoethistoire.eu\/14-18\/wp-json\/wp\/v2\/tags?post=469"}],"curies":[{"name":"wp","href":"https:\/\/api.w.org\/{rel}","templated":true}]}}