{"id":472,"date":"2007-04-27T15:49:03","date_gmt":"2007-04-27T14:49:03","guid":{"rendered":"http:\/\/www.photoethistoire.eu\/14-18\/?p=472"},"modified":"2016-05-20T09:09:49","modified_gmt":"2016-05-20T08:09:49","slug":"belfort-f","status":"publish","type":"post","link":"https:\/\/www.photoethistoire.eu\/14-18\/2007\/04\/belfort-f\/","title":{"rendered":"Belfort (F)"},"content":{"rendered":"<div class=\"image_block\">\n<p><img loading=\"lazy\" decoding=\"async\" title=\"\" src=\"http:\/\/www.photoethistoire.eu\/blogs\/media\/blogs\/a\/belfort2.jpg\" alt=\"\" width=\"601\" height=\"400\" \/><\/p>\n<p>De nombreux soldats belges sont inhum\u00e9s dans des n\u00e9cropoles ou cimeti\u00e8res militaires fran\u00e7ais.\u00a0Mais dans celui de Belfort la seule tombe belge qui s&rsquo;y trouve est celle d&rsquo;un civil.<\/p>\n<\/div>\n<div class=\"image_block\">\n<p><img loading=\"lazy\" decoding=\"async\" class=\"aligncenter\" title=\"\" src=\"http:\/\/www.photoethistoire.eu\/blogs\/media\/blogs\/a\/Eembech2.jpg\" alt=\"\" width=\"400\" height=\"600\" \/><\/p>\n<p>Il s&rsquo;agit de <strong>Pierre EEMBECH<\/strong> prisonnier civil mort pour la France le 06\/12\/1918<\/p>\n<hr \/>\n<p>&nbsp;<\/p>\n<p>Merci \u00e0 Mr Patrice Pruniaux, auteur de cette d\u00e9couverte et des photos, pour ce partage.<\/p>\n<\/div>\n<div class=\"image_block\"><\/div>\n<div class=\"image_block\"><\/div>\n<div class=\"image_block\"><\/div>\n","protected":false},"excerpt":{"rendered":"<p>De nombreux soldats belges sont inhum\u00e9s dans des n\u00e9cropoles ou cimeti\u00e8res militaires fran\u00e7ais.\u00a0Mais dans celui de Belfort la seule tombe belge qui s&rsquo;y trouve est celle d&rsquo;un civil. Il s&rsquo;agit de Pierre EEMBECH prisonnier civil mort pour la France le &hellip; <a href=\"https:\/\/www.photoethistoire.eu\/14-18\/2007\/04\/belfort-f\/\">Lire la suite <span class=\"meta-nav\">&rarr;<\/span><\/a><\/p>\n","protected":false},"author":1,"featured_media":0,"comment_status":"closed","ping_status":"open","sticky":false,"template":"","format":"standard","meta":{"footnotes":""},"categories":[21],"tags":[],"class_list":["post-472","post","type-post","status-publish","format-standard","hentry","category-necropo"],"_links":{"self":[{"href":"https:\/\/www.photoethistoire.eu\/14-18\/wp-json\/wp\/v2\/posts\/472","targetHints":{"allow":["GET"]}}],"collection":[{"href":"https:\/\/www.photoethistoire.eu\/14-18\/wp-json\/wp\/v2\/posts"}],"about":[{"href":"https:\/\/www.photoethistoire.eu\/14-18\/wp-json\/wp\/v2\/types\/post"}],"author":[{"embeddable":true,"href":"https:\/\/www.photoethistoire.eu\/14-18\/wp-json\/wp\/v2\/users\/1"}],"replies":[{"embeddable":true,"href":"https:\/\/www.photoethistoire.eu\/14-18\/wp-json\/wp\/v2\/comments?post=472"}],"version-history":[{"count":2,"href":"https:\/\/www.photoethistoire.eu\/14-18\/wp-json\/wp\/v2\/posts\/472\/revisions"}],"predecessor-version":[{"id":1194,"href":"https:\/\/www.photoethistoire.eu\/14-18\/wp-json\/wp\/v2\/posts\/472\/revisions\/1194"}],"wp:attachment":[{"href":"https:\/\/www.photoethistoire.eu\/14-18\/wp-json\/wp\/v2\/media?parent=472"}],"wp:term":[{"taxonomy":"category","embeddable":true,"href":"https:\/\/www.photoethistoire.eu\/14-18\/wp-json\/wp\/v2\/categories?post=472"},{"taxonomy":"post_tag","embeddable":true,"href":"https:\/\/www.photoethistoire.eu\/14-18\/wp-json\/wp\/v2\/tags?post=472"}],"curies":[{"name":"wp","href":"https:\/\/api.w.org\/{rel}","templated":true}]}}