{"id":522,"date":"2007-07-27T18:03:38","date_gmt":"2007-07-27T17:03:38","guid":{"rendered":"http:\/\/www.photoethistoire.eu\/14-18\/?p=522"},"modified":"2025-10-30T16:59:13","modified_gmt":"2025-10-30T15:59:13","slug":"hommage-a-mon-pere","status":"publish","type":"post","link":"https:\/\/www.photoethistoire.eu\/14-18\/2007\/07\/hommage-a-mon-pere\/","title":{"rendered":"Hommage \u00e0 mon p\u00e8re"},"content":{"rendered":"<p><center>Il nous a quitt\u00e9 ce 27 juillet<\/center>Avec ses compagnons de lutte, il a port\u00e9 haut l&rsquo;\u00e9tendard du courage. Ce qui lui a valu de conna\u00eetre la souffrance des camps de concentration, mais je peux t\u00e9moigner ici qu&rsquo;\u00e0 ce sujet il n&rsquo;a jamais fait preuve d&rsquo;aucune haine et, surtout, il ne nous a jamais permis d&rsquo;en avoir. C&rsquo;est une grande le\u00e7on de vie qu&rsquo;il nous a donn\u00e9e : Vivre sans haine et sans rancune.<\/p>\n<p>Par ses actions, la plus grande richesse qu&rsquo;il m&rsquo;a l\u00e9gu\u00e9e, celle qu&rsquo;on ne pourra jamais m&rsquo;enlever, est de marcher dans la vie la t\u00eate haute et en regardant le monde droit dans les yeux.<\/p>\n<div class=\"image_block\" style=\"text-align: center;\"><img loading=\"lazy\" decoding=\"async\" class=\"aligncenter\" title=\"\" src=\"http:\/\/www.photoethistoire.eu\/blogs\/media\/blogs\/a\/\/papy.jpg\" alt=\"\" width=\"213\" height=\"300\" \/><em>Arthur <strong>Simon<\/strong><\/em><br \/>\n<em><em>n\u00e9 \u00e0 Beauraing le 23 mai 1920 &#8211; d\u00e9c\u00e9d\u00e9 \u00e0 Ottignies le 27 juillet 2007<\/em><\/em><\/div>\n<blockquote>\n<div class=\"image_block\"><img loading=\"lazy\" decoding=\"async\" class=\"aligncenter\" title=\"\" src=\"http:\/\/www.photoethistoire.eu\/blogs\/media\/blogs\/a\/\/ASecrete.jpg\" alt=\"\" width=\"100\" height=\"87\" \/><\/div>\n<p><center>Selon le Colonel Victor Marquet, il fut l&rsquo;un des pionniers de la r\u00e9sistance dans la r\u00e9gion de Beauraing.<br \/>\nMembre de l&rsquo;Arm\u00e9e Secr\u00e8te et du Corps Francs Belge d&rsquo;Action Militaire.<\/center><center><\/center>&nbsp;<\/p><\/blockquote>\n<div class=\"image_block\"><img loading=\"lazy\" decoding=\"async\" class=\"aligncenter\" title=\"\" src=\"http:\/\/www.photoethistoire.eu\/blogs\/media\/blogs\/a\/\/papyardennais.jpg\" alt=\"\" width=\"350\" height=\"341\" \/><\/div>\n<div id=\"ConnectiveDocSignExtentionInstalled\" data-extension-version=\"1.0.4\"><\/div>\n","protected":false},"excerpt":{"rendered":"<p>Il nous a quitt\u00e9 ce 27 juilletAvec ses compagnons de lutte, il a port\u00e9 haut l&rsquo;\u00e9tendard du courage. Ce qui lui a valu de conna\u00eetre la souffrance des camps de concentration, mais je peux t\u00e9moigner ici qu&rsquo;\u00e0 ce sujet il &hellip; <a href=\"https:\/\/www.photoethistoire.eu\/14-18\/2007\/07\/hommage-a-mon-pere\/\">Lire la suite <span class=\"meta-nav\">&rarr;<\/span><\/a><\/p>\n","protected":false},"author":1,"featured_media":0,"comment_status":"closed","ping_status":"open","sticky":false,"template":"","format":"standard","meta":{"footnotes":""},"categories":[25],"tags":[],"class_list":["post-522","post","type-post","status-publish","format-standard","hentry","category-notres"],"_links":{"self":[{"href":"https:\/\/www.photoethistoire.eu\/14-18\/wp-json\/wp\/v2\/posts\/522","targetHints":{"allow":["GET"]}}],"collection":[{"href":"https:\/\/www.photoethistoire.eu\/14-18\/wp-json\/wp\/v2\/posts"}],"about":[{"href":"https:\/\/www.photoethistoire.eu\/14-18\/wp-json\/wp\/v2\/types\/post"}],"author":[{"embeddable":true,"href":"https:\/\/www.photoethistoire.eu\/14-18\/wp-json\/wp\/v2\/users\/1"}],"replies":[{"embeddable":true,"href":"https:\/\/www.photoethistoire.eu\/14-18\/wp-json\/wp\/v2\/comments?post=522"}],"version-history":[{"count":9,"href":"https:\/\/www.photoethistoire.eu\/14-18\/wp-json\/wp\/v2\/posts\/522\/revisions"}],"predecessor-version":[{"id":2281,"href":"https:\/\/www.photoethistoire.eu\/14-18\/wp-json\/wp\/v2\/posts\/522\/revisions\/2281"}],"wp:attachment":[{"href":"https:\/\/www.photoethistoire.eu\/14-18\/wp-json\/wp\/v2\/media?parent=522"}],"wp:term":[{"taxonomy":"category","embeddable":true,"href":"https:\/\/www.photoethistoire.eu\/14-18\/wp-json\/wp\/v2\/categories?post=522"},{"taxonomy":"post_tag","embeddable":true,"href":"https:\/\/www.photoethistoire.eu\/14-18\/wp-json\/wp\/v2\/tags?post=522"}],"curies":[{"name":"wp","href":"https:\/\/api.w.org\/{rel}","templated":true}]}}