{"id":528,"date":"2007-08-16T18:09:05","date_gmt":"2007-08-16T17:09:05","guid":{"rendered":"http:\/\/www.photoethistoire.eu\/14-18\/?p=528"},"modified":"2016-05-20T09:09:14","modified_gmt":"2016-05-20T08:09:14","slug":"31e-r-i","status":"publish","type":"post","link":"https:\/\/www.photoethistoire.eu\/14-18\/2007\/08\/31e-r-i\/","title":{"rendered":"31e R.I."},"content":{"rendered":"<div class=\"image_block\">\n<p style=\"text-align: center;\"><img loading=\"lazy\" decoding=\"async\" class=\"aligncenter\" title=\"\" src=\"http:\/\/www.photoethistoire.eu\/blogs\/media\/blogs\/a\/cartesphotos\/31ri.jpg\" alt=\"\" width=\"610\" height=\"394\" \/><br \/>\nDes braves du 31e RI en 1915 (*)<\/p>\n<p>(lieu non localis\u00e9 )<\/p>\n<\/div>\n<p>Cette ann\u00e9e-l\u00e0 ce r\u00e9giment participa, entre autres, aux combats dans la Meuse et \u00e0 la bataille de la Marne (**)<\/p>\n<hr \/>\n<p>&nbsp;<\/p>\n<p>(*) Merci \u00e0 Gilles (il se reconna\u00eetra) pour m&rsquo;avoir pr\u00e9cis\u00e9 l&rsquo;ann\u00e9e de la photo<br \/>\n(**) <em>(source <a href=\"http:\/\/chtimiste.com\/\">Le chtimiste<\/a>)<\/p>\n<p><\/em><\/p>\n","protected":false},"excerpt":{"rendered":"<p>Des braves du 31e RI en 1915 (*) (lieu non localis\u00e9 ) Cette ann\u00e9e-l\u00e0 ce r\u00e9giment participa, entre autres, aux combats dans la Meuse et \u00e0 la bataille de la Marne (**) &nbsp; (*) Merci \u00e0 Gilles (il se reconna\u00eetra) &hellip; <a href=\"https:\/\/www.photoethistoire.eu\/14-18\/2007\/08\/31e-r-i\/\">Lire la suite <span class=\"meta-nav\">&rarr;<\/span><\/a><\/p>\n","protected":false},"author":1,"featured_media":0,"comment_status":"closed","ping_status":"open","sticky":false,"template":"","format":"standard","meta":{"footnotes":""},"categories":[1],"tags":[],"class_list":["post-528","post","type-post","status-publish","format-standard","hentry","category-chemins"],"_links":{"self":[{"href":"https:\/\/www.photoethistoire.eu\/14-18\/wp-json\/wp\/v2\/posts\/528","targetHints":{"allow":["GET"]}}],"collection":[{"href":"https:\/\/www.photoethistoire.eu\/14-18\/wp-json\/wp\/v2\/posts"}],"about":[{"href":"https:\/\/www.photoethistoire.eu\/14-18\/wp-json\/wp\/v2\/types\/post"}],"author":[{"embeddable":true,"href":"https:\/\/www.photoethistoire.eu\/14-18\/wp-json\/wp\/v2\/users\/1"}],"replies":[{"embeddable":true,"href":"https:\/\/www.photoethistoire.eu\/14-18\/wp-json\/wp\/v2\/comments?post=528"}],"version-history":[{"count":1,"href":"https:\/\/www.photoethistoire.eu\/14-18\/wp-json\/wp\/v2\/posts\/528\/revisions"}],"predecessor-version":[{"id":529,"href":"https:\/\/www.photoethistoire.eu\/14-18\/wp-json\/wp\/v2\/posts\/528\/revisions\/529"}],"wp:attachment":[{"href":"https:\/\/www.photoethistoire.eu\/14-18\/wp-json\/wp\/v2\/media?parent=528"}],"wp:term":[{"taxonomy":"category","embeddable":true,"href":"https:\/\/www.photoethistoire.eu\/14-18\/wp-json\/wp\/v2\/categories?post=528"},{"taxonomy":"post_tag","embeddable":true,"href":"https:\/\/www.photoethistoire.eu\/14-18\/wp-json\/wp\/v2\/tags?post=528"}],"curies":[{"name":"wp","href":"https:\/\/api.w.org\/{rel}","templated":true}]}}