{"id":573,"date":"2010-03-01T10:42:03","date_gmt":"2010-03-01T09:42:03","guid":{"rendered":"http:\/\/www.photoethistoire.eu\/14-18\/?p=573"},"modified":"2016-05-20T09:04:58","modified_gmt":"2016-05-20T08:04:58","slug":"la-correspondance-militaire-en-14-18","status":"publish","type":"post","link":"https:\/\/www.photoethistoire.eu\/14-18\/2010\/03\/la-correspondance-militaire-en-14-18\/","title":{"rendered":"La correspondance militaire en 14-18"},"content":{"rendered":"<p>En 1914-1918 l&rsquo;arm\u00e9e avait mis de nombreuses cartes \u00e0 la disposition du soldat tant pour sa correspondance avec l&rsquo;int\u00e9rieur qu&rsquo;avec l&rsquo;arri\u00e8re.<\/p>\n<p>Ci-dessous quelques exemples de cartes-postales de la \u00ab\u00a0Correspondance des Arm\u00e9es de la R\u00e9publique\u00a0\u00bb mais il en existait des dizaines d&rsquo;autres, cartes officielles, non officielles etc..<\/p>\n<div class=\"image_block\">\n<p><a href=\"http:\/\/www.photoethistoire.eu\/blogs\/media\/blogs\/a\/cartesphotos\/correspd4.jpg\"><img loading=\"lazy\" decoding=\"async\" class=\"aligncenter\" title=\"\" src=\"http:\/\/www.photoethistoire.eu\/blogs\/media\/blogs\/a\/cartesphotos\/correspd4.jpg\" alt=\"\" width=\"600\" height=\"380\" \/><\/a><\/p>\n<p>Un exemple de carte \u00ab\u00a0officielle\u00a0\u00bb \u00e0 7 drapeaux. A l&rsquo;arri\u00e8re-plan on devine le drapeau du Japon.<\/p>\n<\/div>\n<div class=\"image_block\">\n<p><a href=\"http:\/\/www.photoethistoire.eu\/blogs\/media\/blogs\/a\/cartesphotos\/correspd2.jpg\"><img loading=\"lazy\" decoding=\"async\" class=\"alignnone\" title=\"\" src=\"http:\/\/www.photoethistoire.eu\/blogs\/media\/blogs\/a\/cartesphotos\/correspd2.jpg\" alt=\"\" width=\"600\" height=\"404\" \/><\/a><\/p>\n<p>Une carte \u00ab\u00a0non officielle\u00a0\u00bb \u00e0 4 drapeaux avec les armoiries et la devise de la Belgique<\/p>\n<\/div>\n<div class=\"image_block\">\n<p><a href=\"http:\/\/www.photoethistoire.eu\/blogs\/media\/blogs\/a\/cartesphotos\/correspd3.jpg\"><img loading=\"lazy\" decoding=\"async\" class=\"aligncenter\" title=\"\" src=\"http:\/\/www.photoethistoire.eu\/blogs\/media\/blogs\/a\/cartesphotos\/correspd3.jpg\" alt=\"\" width=\"600\" height=\"392\" \/><\/a><\/p>\n<p>Une autre carte \u00ab\u00a0non officielle\u00a0\u00bb .Celle-ci repr\u00e9sente une Marianne sur un blason entour\u00e9e des 6 drapeaux de pays alli\u00e9s. A gauche et \u00e0 droite du blason une t\u00eate de lion. Deux fusils, ba\u00efonnette au canon, sont crois\u00e9s sous le buste et sur celui de gauche il y a un clairon.\u00a0Au-dessus du buste, deux affuts de canons surmont\u00e9s du coq gaulois<\/p>\n<\/div>\n<div class=\"image_block\">\n<p><a href=\"http:\/\/www.photoethistoire.eu\/blogs\/media\/blogs\/a\/cartesphotos\/correspd6.jpg\"><img loading=\"lazy\" decoding=\"async\" class=\"aligncenter\" title=\"\" src=\"http:\/\/www.photoethistoire.eu\/blogs\/media\/blogs\/a\/cartesphotos\/correspd6.jpg\" alt=\"\" width=\"600\" height=\"377\" \/><\/a><\/p>\n<p>Et enfin une carte \u00ab\u00a0non officielle\u00a0\u00bb celle-ci arborant 6 drapeaux.<\/p>\n<\/div>\n<div class=\"image_block\"><a href=\"http:\/\/www.photoethistoire.eu\/blogs\/media\/blogs\/a\/cartesphotos\/correspd7.jpg\"><img loading=\"lazy\" decoding=\"async\" class=\"aligncenter\" title=\"\" src=\"http:\/\/www.photoethistoire.eu\/blogs\/media\/blogs\/a\/cartesphotos\/correspd7.jpg\" alt=\"\" width=\"500\" height=\"494\" \/><\/a><\/div>\n<p>Pour des raisons de s\u00e9curit\u00e9 le secteur postal ne correspond pas \u00e0 un lieu g\u00e9ographique mais \u00e0 une unit\u00e9 combattante. Ici le secteur postal est 70 qui correspondait \u00e0 la Septi\u00e8me Division d&rsquo;Infanterie <em>(1)<\/em><\/p>\n<p>Pour finir une autre pr\u00e9sentation de correspondance. Ci dessus un feuillet dont le verso est r\u00e9serv\u00e9 \u00e0 l&rsquo;\u00e9crit. Le recto \u00e0 l&rsquo;adresse du destinataire et aux renseignement concernant le soldat (Nom, grade, unit\u00e9 etc..).<\/p>\n<div class=\"image_block\"><a href=\"http:\/\/www.photoethistoire.eu\/blogs\/media\/blogs\/a\/cartesphotos\/correspd1.jpg\"><img loading=\"lazy\" decoding=\"async\" class=\"aligncenter\" title=\"\" src=\"http:\/\/www.photoethistoire.eu\/blogs\/media\/blogs\/a\/cartesphotos\/correspd1.jpg\" alt=\"\" width=\"600\" height=\"447\" \/><\/a><\/div>\n<p>La correspondance militaire \u00e9tant un sujet tr\u00e8s complexe, je vous invite \u00e0 visiter l&rsquo;excellent site de St\u00e9phane B\u00f4ne \u00e0 l&rsquo;adresse ci-dessous. Dans ses pages vous trouverez des informations compl\u00e8tes sur l&rsquo;organisation de la correspondance militaire durant la guerre 14-18, les mod\u00e8les de cartes, la censure militaire etc.<\/p>\n<p><em>Lien vers le site de St\u00e9phone B\u00f4ne : <strong><a href=\"http:\/\/cartesfm1418.pagesperso-orange.fr\/\" target=\"_blank\">ICI<\/a><\/strong><\/em><\/p>\n<p>&nbsp;<\/p>\n","protected":false},"excerpt":{"rendered":"<p>En 1914-1918 l&rsquo;arm\u00e9e avait mis de nombreuses cartes \u00e0 la disposition du soldat tant pour sa correspondance avec l&rsquo;int\u00e9rieur qu&rsquo;avec l&rsquo;arri\u00e8re. Ci-dessous quelques exemples de cartes-postales de la \u00ab\u00a0Correspondance des Arm\u00e9es de la R\u00e9publique\u00a0\u00bb mais il en existait des dizaines &hellip; <a href=\"https:\/\/www.photoethistoire.eu\/14-18\/2010\/03\/la-correspondance-militaire-en-14-18\/\">Lire la suite <span class=\"meta-nav\">&rarr;<\/span><\/a><\/p>\n","protected":false},"author":1,"featured_media":0,"comment_status":"closed","ping_status":"open","sticky":false,"template":"","format":"standard","meta":{"footnotes":""},"categories":[1],"tags":[],"class_list":["post-573","post","type-post","status-publish","format-standard","hentry","category-chemins"],"_links":{"self":[{"href":"https:\/\/www.photoethistoire.eu\/14-18\/wp-json\/wp\/v2\/posts\/573","targetHints":{"allow":["GET"]}}],"collection":[{"href":"https:\/\/www.photoethistoire.eu\/14-18\/wp-json\/wp\/v2\/posts"}],"about":[{"href":"https:\/\/www.photoethistoire.eu\/14-18\/wp-json\/wp\/v2\/types\/post"}],"author":[{"embeddable":true,"href":"https:\/\/www.photoethistoire.eu\/14-18\/wp-json\/wp\/v2\/users\/1"}],"replies":[{"embeddable":true,"href":"https:\/\/www.photoethistoire.eu\/14-18\/wp-json\/wp\/v2\/comments?post=573"}],"version-history":[{"count":2,"href":"https:\/\/www.photoethistoire.eu\/14-18\/wp-json\/wp\/v2\/posts\/573\/revisions"}],"predecessor-version":[{"id":575,"href":"https:\/\/www.photoethistoire.eu\/14-18\/wp-json\/wp\/v2\/posts\/573\/revisions\/575"}],"wp:attachment":[{"href":"https:\/\/www.photoethistoire.eu\/14-18\/wp-json\/wp\/v2\/media?parent=573"}],"wp:term":[{"taxonomy":"category","embeddable":true,"href":"https:\/\/www.photoethistoire.eu\/14-18\/wp-json\/wp\/v2\/categories?post=573"},{"taxonomy":"post_tag","embeddable":true,"href":"https:\/\/www.photoethistoire.eu\/14-18\/wp-json\/wp\/v2\/tags?post=573"}],"curies":[{"name":"wp","href":"https:\/\/api.w.org\/{rel}","templated":true}]}}