{"id":587,"date":"2010-02-19T11:04:48","date_gmt":"2010-02-19T10:04:48","guid":{"rendered":"http:\/\/www.photoethistoire.eu\/14-18\/?p=587"},"modified":"2016-05-20T09:04:58","modified_gmt":"2016-05-20T08:04:58","slug":"coup-de-gueule-pour-les-chasseurs-ardennais","status":"publish","type":"post","link":"https:\/\/www.photoethistoire.eu\/14-18\/2010\/02\/coup-de-gueule-pour-les-chasseurs-ardennais\/","title":{"rendered":"Coup de gueule pour les Chasseurs Ardennais !"},"content":{"rendered":"<p class=\"image_block\">A propos de la\u00a0d\u00e9cision du ministre belge de la d\u00e9fense nationale, Monsieur De Crem, de changer les noms de certains de nos plus prestigieux r\u00e9giments !<\/p>\n<p class=\"image_block\">Il est parmi ceux-ci un r\u00e9giment qui me tient particuli\u00e8rement \u00e0 coeur :\u00a0 <strong>Les Chasseurs Ardennais.<\/strong><\/p>\n<p>Certes, ce dernier est lui-m\u00eame issu du 10e R\u00e9giment de Ligne et il ne prendra le nom de \u00ab\u00a0Chasseur Ardennais\u00a0\u00bb qu&rsquo;en 1933 mais ce nom est devenu un symbole !<\/p>\n<p>Symbole de courage, de t\u00e9nacit\u00e9 et de r\u00e9sistance face \u00e0 l&rsquo;envahisseur car beaucoup de chasseurs qui r\u00e9ussiront \u00e0 \u00e9chapper au sort de prisonniers de guerre entreront dans le maquis o\u00f9 ils se distingueront \u00e0 nouveau.<\/p>\n<p>\u00c9galement symbole de notre vieille Ardenne !!<\/p>\n<p>Alors donner \u00e0 ce r\u00e9giment connu jusqu&rsquo;au-del\u00e0 de nos fronti\u00e8res le nom de \u00ab\u00a04e bataillon m\u00e9dian\u00a0\u00bb serait un non-sens. C&rsquo;est toute une symbolique qui dispara\u00eetrait et c&rsquo;est un glorieux pass\u00e9 que l&rsquo;on bafouerait.<\/p>\n<p>Maintenant il ne restera plus \u00e0 notre cher \u00ab\u00a0sinistre\u00a0\u00bb qu&rsquo;\u00e0 d\u00e9poss\u00e9der le r\u00e9giment de son c\u00e9l\u00e8bre b\u00e9ret, et de sa hure, et le crime de \u00ab\u00a0l\u00e8s-Chasseurs\u00a0\u00bb sera consomm\u00e9 !\u00a0\u00bb<\/p>\n<p>Bien s\u00fbr, face \u00e0 ce qui se passe aujourd&rsquo;hui dans le monde, j&rsquo;ai conscience que ce nouvel \u00e9pisode dans l&rsquo;histoire de notre grand cirque national ne rev\u00eat\u00a0que peu d&rsquo;importance. Mais je pense aux anciens et \u00e0 tous ceux qui ont donn\u00e9 leur vie sous l&rsquo;uniforme de nos valeureux Chasseurs.<\/p>\n<div class=\"image_block\"><a href=\"http:\/\/www.photoethistoire.eu\/blogs\/media\/blogs\/a\/chassarden.jpg\"><img loading=\"lazy\" decoding=\"async\" class=\"aligncenter\" src=\"http:\/\/www.photoethistoire.eu\/blogs\/media\/blogs\/a\/chassarden.jpg\" alt=\"\" width=\"600\" height=\"294\" \/><\/a><\/div>\n<p style=\"text-align: center;\"><em>Mon p\u00e8re (\u00e0 droite) et un de ses compagnons du 1er chasseurs vers 1937-38<\/em><\/p>\n<p>&nbsp;<\/p>\n","protected":false},"excerpt":{"rendered":"<p>A propos de la\u00a0d\u00e9cision du ministre belge de la d\u00e9fense nationale, Monsieur De Crem, de changer les noms de certains de nos plus prestigieux r\u00e9giments ! Il est parmi ceux-ci un r\u00e9giment qui me tient particuli\u00e8rement \u00e0 coeur :\u00a0 Les &hellip; <a href=\"https:\/\/www.photoethistoire.eu\/14-18\/2010\/02\/coup-de-gueule-pour-les-chasseurs-ardennais\/\">Lire la suite <span class=\"meta-nav\">&rarr;<\/span><\/a><\/p>\n","protected":false},"author":1,"featured_media":0,"comment_status":"closed","ping_status":"open","sticky":false,"template":"","format":"standard","meta":{"footnotes":""},"categories":[1],"tags":[],"class_list":["post-587","post","type-post","status-publish","format-standard","hentry","category-chemins"],"_links":{"self":[{"href":"https:\/\/www.photoethistoire.eu\/14-18\/wp-json\/wp\/v2\/posts\/587","targetHints":{"allow":["GET"]}}],"collection":[{"href":"https:\/\/www.photoethistoire.eu\/14-18\/wp-json\/wp\/v2\/posts"}],"about":[{"href":"https:\/\/www.photoethistoire.eu\/14-18\/wp-json\/wp\/v2\/types\/post"}],"author":[{"embeddable":true,"href":"https:\/\/www.photoethistoire.eu\/14-18\/wp-json\/wp\/v2\/users\/1"}],"replies":[{"embeddable":true,"href":"https:\/\/www.photoethistoire.eu\/14-18\/wp-json\/wp\/v2\/comments?post=587"}],"version-history":[{"count":1,"href":"https:\/\/www.photoethistoire.eu\/14-18\/wp-json\/wp\/v2\/posts\/587\/revisions"}],"predecessor-version":[{"id":588,"href":"https:\/\/www.photoethistoire.eu\/14-18\/wp-json\/wp\/v2\/posts\/587\/revisions\/588"}],"wp:attachment":[{"href":"https:\/\/www.photoethistoire.eu\/14-18\/wp-json\/wp\/v2\/media?parent=587"}],"wp:term":[{"taxonomy":"category","embeddable":true,"href":"https:\/\/www.photoethistoire.eu\/14-18\/wp-json\/wp\/v2\/categories?post=587"},{"taxonomy":"post_tag","embeddable":true,"href":"https:\/\/www.photoethistoire.eu\/14-18\/wp-json\/wp\/v2\/tags?post=587"}],"curies":[{"name":"wp","href":"https:\/\/api.w.org\/{rel}","templated":true}]}}