{"id":599,"date":"2010-02-08T11:37:30","date_gmt":"2010-02-08T10:37:30","guid":{"rendered":"http:\/\/www.photoethistoire.eu\/14-18\/?p=599"},"modified":"2025-10-30T16:16:12","modified_gmt":"2025-10-30T15:16:12","slug":"en-route-vers-le-cantonnement-de-repos","status":"publish","type":"post","link":"https:\/\/www.photoethistoire.eu\/14-18\/2010\/02\/en-route-vers-le-cantonnement-de-repos\/","title":{"rendered":"En route vers le cantonnement de repos&#8230;"},"content":{"rendered":"<p><a href=\"http:\/\/www.photoethistoire.eu\/blogs\/media\/blogs\/a\/cartesphotos\/reposinfant1.jpg\"><img loading=\"lazy\" decoding=\"async\" class=\"aligncenter\" title=\"\" src=\"http:\/\/www.photoethistoire.eu\/blogs\/media\/blogs\/a\/cartesphotos\/reposinfant1.jpg\" alt=\"\" width=\"600\" height=\"437\" \/><\/a><\/p>\n<p>Dans la Somme un r\u00e9giment d&rsquo;infanterie fait une halte sur la route qui le m\u00e8ne vers un cantonnement de repos, tandis que d&rsquo;autres poilus s&rsquo;occupent de la r\u00e9fection des routes.<\/p>\n<div id=\"ConnectiveDocSignExtentionInstalled\" data-extension-version=\"1.0.4\"><\/div>\n","protected":false},"excerpt":{"rendered":"<p>Dans la Somme un r\u00e9giment d&rsquo;infanterie fait une halte sur la route qui le m\u00e8ne vers un cantonnement de repos, tandis que d&rsquo;autres poilus s&rsquo;occupent de la r\u00e9fection des routes.<\/p>\n","protected":false},"author":1,"featured_media":0,"comment_status":"closed","ping_status":"open","sticky":false,"template":"","format":"standard","meta":{"footnotes":""},"categories":[27],"tags":[],"class_list":["post-599","post","type-post","status-publish","format-standard","hentry","category-photo14"],"_links":{"self":[{"href":"https:\/\/www.photoethistoire.eu\/14-18\/wp-json\/wp\/v2\/posts\/599","targetHints":{"allow":["GET"]}}],"collection":[{"href":"https:\/\/www.photoethistoire.eu\/14-18\/wp-json\/wp\/v2\/posts"}],"about":[{"href":"https:\/\/www.photoethistoire.eu\/14-18\/wp-json\/wp\/v2\/types\/post"}],"author":[{"embeddable":true,"href":"https:\/\/www.photoethistoire.eu\/14-18\/wp-json\/wp\/v2\/users\/1"}],"replies":[{"embeddable":true,"href":"https:\/\/www.photoethistoire.eu\/14-18\/wp-json\/wp\/v2\/comments?post=599"}],"version-history":[{"count":2,"href":"https:\/\/www.photoethistoire.eu\/14-18\/wp-json\/wp\/v2\/posts\/599\/revisions"}],"predecessor-version":[{"id":2519,"href":"https:\/\/www.photoethistoire.eu\/14-18\/wp-json\/wp\/v2\/posts\/599\/revisions\/2519"}],"wp:attachment":[{"href":"https:\/\/www.photoethistoire.eu\/14-18\/wp-json\/wp\/v2\/media?parent=599"}],"wp:term":[{"taxonomy":"category","embeddable":true,"href":"https:\/\/www.photoethistoire.eu\/14-18\/wp-json\/wp\/v2\/categories?post=599"},{"taxonomy":"post_tag","embeddable":true,"href":"https:\/\/www.photoethistoire.eu\/14-18\/wp-json\/wp\/v2\/tags?post=599"}],"curies":[{"name":"wp","href":"https:\/\/api.w.org\/{rel}","templated":true}]}}