{"id":611,"date":"2010-02-02T16:13:30","date_gmt":"2010-02-02T15:13:30","guid":{"rendered":"http:\/\/www.photoethistoire.eu\/14-18\/?p=611"},"modified":"2016-05-20T09:04:59","modified_gmt":"2016-05-20T08:04:59","slug":"victor-hallard-110e-r-i","status":"publish","type":"post","link":"https:\/\/www.photoethistoire.eu\/14-18\/2010\/02\/victor-hallard-110e-r-i\/","title":{"rendered":"Victor HALLARD &#8211; 110e R.I."},"content":{"rendered":"<p>Dans la Somme, \u00e0 l&rsquo;entr\u00e9e du village de Combles, la st\u00e8le \u00e9lev\u00e9e par Monsieur et Madame Hallard en m\u00e9moire de leur fils Victor \u00e0 l&rsquo;endroit o\u00f9 il fut inhum\u00e9.(*)<\/p>\n<div class=\"image_block\"><a href=\"http:\/\/www.photoethistoire.eu\/blogs\/media\/blogs\/a\/monuments\/combles-hallard.jpg\"><img loading=\"lazy\" decoding=\"async\" class=\"aligncenter\" title=\"\" src=\"http:\/\/www.photoethistoire.eu\/blogs\/media\/blogs\/a\/monuments\/combles-hallard.jpg\" alt=\"\" width=\"600\" height=\"400\" \/><\/a><em><em><em>Ici repose notre fils bien-aim\u00e9 Victor HALLARD\u00a0dit \u00ab\u00a0TREDEZ\u00a0\u00bb<br \/>\n110e R\u00e9giment d&rsquo;Infanterie &#8211; 02Mort le 12 septembre 1916<\/em><\/em><\/em><\/p>\n<hr \/>\n<p>J&rsquo;ignore si son corps repose toujours sous cette st\u00e8le ou s&rsquo;il a \u00e9t\u00e9 transf\u00e9r\u00e9 dans une des n\u00e9cropoles de la Somme.<\/p>\n<hr \/>\n<\/div>\n","protected":false},"excerpt":{"rendered":"<p>Dans la Somme, \u00e0 l&rsquo;entr\u00e9e du village de Combles, la st\u00e8le \u00e9lev\u00e9e par Monsieur et Madame Hallard en m\u00e9moire de leur fils Victor \u00e0 l&rsquo;endroit o\u00f9 il fut inhum\u00e9.(*) Ici repose notre fils bien-aim\u00e9 Victor HALLARD\u00a0dit \u00ab\u00a0TREDEZ\u00a0\u00bb 110e R\u00e9giment d&rsquo;Infanterie &hellip; <a href=\"https:\/\/www.photoethistoire.eu\/14-18\/2010\/02\/victor-hallard-110e-r-i\/\">Lire la suite <span class=\"meta-nav\">&rarr;<\/span><\/a><\/p>\n","protected":false},"author":1,"featured_media":0,"comment_status":"closed","ping_status":"open","sticky":false,"template":"","format":"standard","meta":{"footnotes":""},"categories":[22],"tags":[],"class_list":["post-611","post","type-post","status-publish","format-standard","hentry","category-monu"],"_links":{"self":[{"href":"https:\/\/www.photoethistoire.eu\/14-18\/wp-json\/wp\/v2\/posts\/611","targetHints":{"allow":["GET"]}}],"collection":[{"href":"https:\/\/www.photoethistoire.eu\/14-18\/wp-json\/wp\/v2\/posts"}],"about":[{"href":"https:\/\/www.photoethistoire.eu\/14-18\/wp-json\/wp\/v2\/types\/post"}],"author":[{"embeddable":true,"href":"https:\/\/www.photoethistoire.eu\/14-18\/wp-json\/wp\/v2\/users\/1"}],"replies":[{"embeddable":true,"href":"https:\/\/www.photoethistoire.eu\/14-18\/wp-json\/wp\/v2\/comments?post=611"}],"version-history":[{"count":3,"href":"https:\/\/www.photoethistoire.eu\/14-18\/wp-json\/wp\/v2\/posts\/611\/revisions"}],"predecessor-version":[{"id":614,"href":"https:\/\/www.photoethistoire.eu\/14-18\/wp-json\/wp\/v2\/posts\/611\/revisions\/614"}],"wp:attachment":[{"href":"https:\/\/www.photoethistoire.eu\/14-18\/wp-json\/wp\/v2\/media?parent=611"}],"wp:term":[{"taxonomy":"category","embeddable":true,"href":"https:\/\/www.photoethistoire.eu\/14-18\/wp-json\/wp\/v2\/categories?post=611"},{"taxonomy":"post_tag","embeddable":true,"href":"https:\/\/www.photoethistoire.eu\/14-18\/wp-json\/wp\/v2\/tags?post=611"}],"curies":[{"name":"wp","href":"https:\/\/api.w.org\/{rel}","templated":true}]}}