{"id":615,"date":"2010-02-08T16:17:32","date_gmt":"2010-02-08T15:17:32","guid":{"rendered":"http:\/\/www.photoethistoire.eu\/14-18\/?p=615"},"modified":"2025-10-30T19:56:30","modified_gmt":"2025-10-30T18:56:30","slug":"liberation-du-camp-de-dachau","status":"publish","type":"post","link":"https:\/\/www.photoethistoire.eu\/14-18\/2010\/02\/liberation-du-camp-de-dachau\/","title":{"rendered":"Lib\u00e9ration du camp de Dachau"},"content":{"rendered":"<p><em>En reprenant les papiers de mon p\u00e8re d\u00e9c\u00e9d\u00e9 r\u00e9cemment, j&rsquo;ai relu les quelques pages qu&rsquo;il avait \u00e9crites \u00e0 la lib\u00e9ration du camp de concentration de Dachau.<\/em><\/p>\n<p>Venant de Saal an der Donau (*) il y avait \u00e9t\u00e9 transf\u00e9r\u00e9 apr\u00e8s une de ces longues marches qualifi\u00e9es de \u00ab Marches de la mort \u00bb. A son retour au pays il pesait moins de 40 kg et \u00e9tait condamn\u00e9 seule sa forte constitution lui a permis de survivre. Mais toute sa vie ses cauchemars l&rsquo;ont poursuivi nous laissant impuissants devant son chagrin lorsque ces souvenirs douloureux remontaient \u00e0 la surface.<\/p>\n<p>A leur retour en Belgique, les r\u00e9cits des d\u00e9port\u00e9s \u00e9taient \u00e0 ce point incroyables qu&rsquo;ils ont parfois suscit\u00e9 le doute. Et puis le pays venait de se lib\u00e9rer de quatre longues ann\u00e9es d&rsquo;occupation et les gens, c&rsquo;est un peu compr\u00e9hensible, ne songeaient qu&rsquo;\u00e0 la f\u00eate et au bonheur retrouv\u00e9. Alors certains d\u00e9port\u00e9s se sont tus gardant pour eux les horreurs qu&rsquo;ils avaient v\u00e9cues.<\/p>\n<p>Ce fut le cas de mon p\u00e8re et c&rsquo;est par bribes, par morceaux au fil des ann\u00e9es que, petit \u00e0 petit, j&rsquo;ai pu reconstituer une partie du puzzle. Un puzzle auquel il manquera toujours des pi\u00e8ces.<\/p>\n<p>(Par respect pour ce t\u00e9moignage aucune correction orthographique n&rsquo;a \u00e9t\u00e9 effectu\u00e9e)<\/p>\n<div class=\"image_block\"><img loading=\"lazy\" decoding=\"async\" class=\"aligncenter\" src=\"http:\/\/www.photoethistoire.eu\/blogs\/media\/blogs\/a\/Carnet-papy-Dachau-pg1.jpg\" alt=\"\" width=\"316\" height=\"450\" \/><\/div>\n<p><em>Dachau le 24\/4. Arriv\u00e9e au camp 6 jours sans pain et depuis samedi rien \u00e0 manger. 26\/4 J&rsquo;ai fait mes P\u00e2ques. 29\/4 Arriv\u00e9e des Am\u00e9ricains. 6H ou 7h du soir. Je suis install\u00e9 dans mon lit en train de d\u00e9guster mon bol d&rsquo;ovomaltine. Dehors, c&rsquo;est la canonade les coups de fusils et mitraillette. Les Am\u00e9ricains ne sont qu&rsquo;\u00e0 3km du camp. Para\u00eet-il. De temps en temps je jette un coup d&rsquo;oeil du c\u00f4t\u00e9 des baraques des S.S ou il n&rsquo;y a plus aucun mouvement. Soudain un hourra \u00e9clate : \u00ab America \u00bb Je regarde par la fen\u00eatre, mais tout le bloc se pr\u00e9cipite dehors. Oblig\u00e9 de me lever. Je bondis \u00e0 la fen\u00eatre et je vois les 3 premiers soldats Am\u00e9ricains fusils et mitraillette point\u00e9e le long du camp. D\u00e9j\u00e0 le long des barbel\u00e9s il fait noir de prisonniers. D&rsquo;autres soldats apparaissent ils sont ind\u00e9cis. Dans l&rsquo;air monte sans discontinuer des hourras formidables Les barbel\u00e9s des blocs de quarantaine sont arr\u00eat\u00e9s On s&#8217;embrasse, on hurle, les Am\u00e9ricains saluent en riant d\u00e9j\u00e0, ils sont une cinquantaine\u00a0<\/em><\/p>\n<div class=\"image_block\"><img loading=\"lazy\" decoding=\"async\" class=\"aligncenter\" src=\"http:\/\/www.photoethistoire.eu\/blogs\/media\/blogs\/a\/Carnet-papy-Dachau-pg2.jpg\" alt=\"\" width=\"320\" height=\"450\" \/><\/div>\n<p><em>Les premiers ont continu\u00e9 leur avance et cherche les 130 SS. qui sont encore dans le camp. On coupe l&rsquo;\u00e9lectricit\u00e9 des barbel\u00e9s d&rsquo;enceintes Alors c&rsquo;est la ru\u00e9e et la promenade des sentinelles est bient\u00f4t envahie a tout moment d\u00e9bouchent des soldats am\u00e9ricains qui sont entour\u00e9s ovationn\u00e9s. Moi je reste debout sur la fen\u00eatre. Je ne dis rien je ne pense rien. J&rsquo;ai achev\u00e9 mon bol d&rsquo;ovomaltine. Je ne r\u00e9alise pas. Il y a trop longtemps qu&rsquo;on attend ce moment et maintenant qu&rsquo;il est venu je ne le comprends pas. Le soir tombe les hourras continuent toujours. Je n&rsquo;ai plus la force de rester debout. Je me couche en songeant au retour. Alors je r\u00e9alise fini de crever de faim finit les coups, finies les vexations finie la guerre pour nous. Nous sommes libres. On va rentrer chez soi. Alors je crois que j&rsquo;ai pleur\u00e9 comme un imb\u00e9cile.<\/em><\/p>\n<div class=\"image_block\"><img loading=\"lazy\" decoding=\"async\" class=\"aligncenter\" src=\"http:\/\/www.photoethistoire.eu\/blogs\/media\/blogs\/a\/Carnet-papy-Dachau-pg-3.jpg\" alt=\"\" width=\"332\" height=\"450\" \/><\/div>\n<p><em>Le 7\/5 J&rsquo;ai re\u00e7u un calepin ce jour et je recommence mon journal. Journal du temps de paix. Nous venons de recevoir la visite de 2 charmantes infirmi\u00e8res fran\u00e7aise. J&rsquo;esp\u00e8re que demain je passerai \u00e0 l&rsquo;h\u00f4pital. J&rsquo;ai une bronchite. Maintenant chez nous doivent savoir que je suis vivant \u00e0 quand le retour ? Que vais-je retrouver chez nous ? Et Elle ? Libre ? Bah pas de bile attendons. J&rsquo;attends bien depuis 14 mois. Quand je songe que c&rsquo;est fini je ne peux encore r\u00e9aliser la chose dans son enti\u00e8ret\u00e9. Il est 12h, j&rsquo;attends la bouffe couch\u00e9 dans le plumard. Un lit pour 3. Si l&rsquo;on m&rsquo;avait dit \u00e7a dans le civil ! &#8230;.. Je viens de manger ma soupe, soupe de graines avec conserves m\u00e9lang\u00e9. Pas mauvais. On vient d&rsquo;appeler les \u00ab kelfacts \u00bb (?) pour le pain. Pain blanc ou pain boche ? \/ Boche le pain soupe et peut-\u00eatre conserves pour 8. Je claque de faim\/ Menu du jour, midi soupe d&rsquo;orge avec tr\u00e8s peu de viande, soir semoule et 1\/3 de pain. C&rsquo;est maigre<\/em><\/p>\n<div class=\"image_block\"><img loading=\"lazy\" decoding=\"async\" class=\"aligncenter\" src=\"http:\/\/www.photoethistoire.eu\/blogs\/media\/blogs\/a\/Carnet-papy-Dachau-pg4.jpg\" alt=\"\" width=\"336\" height=\"450\" \/><\/div>\n<p style=\"text-align: left;\"><em>M 8\/5 Nuit assez bonne. Je me suis r\u00e9veill\u00e9 ce matin avec un terrible point du c\u00f4t\u00e9 droit. Ce matin nous avons re\u00e7u 7 biscuits. \u00c7a vaut mieux que leur salet\u00e9 de pain. Il para\u00eet que ce soir on touche des biscuits au lieu de pain ?? Quand au d\u00e9part on n&rsquo;en parle pas la quarantaine continue J&rsquo;ai la diarrh\u00e9e et une bronchite. Vais-je essayer l&rsquo;h\u00f4pital ? Nous verrons ce soir En attendant je vais dormir un peu. Nouveau bobard. Pour ce soir bo\u00eete d&rsquo;Ovomaltine 4 pain en 2 200 gr de pain margarine ??? Dehors il faut beau, du soleil tout plein tout le camp se ballade. Si l&rsquo;on \u00e9tait chez soi quelle belle journ\u00e9e. &#8211; Le bobard n&rsquo;\u00e9tait pas si bobard que \u00e7a. Soupe de macaroni au lait et \u00bc de bo\u00eete d&rsquo;ovomaltine ce soir 500 gr de pain blanc en biscuits et 50 gr de marg, et nous avons re\u00e7u 350 gr de biscuits. Soupe et 50gr de marg biscuit Allemand au cumin, mais bon quand m\u00eame.<\/em><\/p>\n<div class=\"image_block\"><img loading=\"lazy\" decoding=\"async\" class=\"aligncenter\" src=\"http:\/\/www.photoethistoire.eu\/blogs\/media\/blogs\/a\/Carnet-papy-Dachau-pg5.jpg\" alt=\"\" width=\"376\" height=\"450\" \/><\/div>\n<p style=\"text-align: left;\"><em>M 9\/8 (**) Aujourd&rsquo;hui 116 gr de biscuits le matin. 7 biscuits le matin \u00e0 4h1\/2 ou 5h soupe de semoule 1\/3 de pain et soir riz et orge le tout tr\u00e8s bon mais on commence \u00e0 en avoir plein le dos de leur laitage et de leur papes. J&rsquo;ai un point de congestion au poumon droit \u00e7a fait mal \u00e0 part \u00e7a la chaleur et le cafard tout va bien J 10\/8 (**) Aujourd&rsquo;hui para\u00eet-il pain blanc ?? reste \u00e0 voir. Il y a 5 ans aujourd&rsquo;hui les Allemands entraient en Belgique. Tout les Belges Hollandais et Luxembourgeois comm\u00e9moreront ce jour par des c\u00e9r\u00e9monies auxquelles je ne sais pas si j&rsquo;assisterai<\/em><\/p>\n<div class=\"image_block\"><img loading=\"lazy\" decoding=\"async\" class=\"aligncenter\" src=\"http:\/\/www.photoethistoire.eu\/blogs\/media\/blogs\/a\/Carnet-papy-Dachau-pg6.jpg\" alt=\"\" width=\"318\" height=\"280\" \/><br \/>\n<strong>Le retour<\/strong><\/div>\n<p><em>S 10\/5 (***) 7h1\/2 d\u00e9part de Dachau en route vers la Belgique. 10h Augsbourg tout a \u00e9t\u00e9 d\u00e9moli. Sur l&rsquo;autostrade de Carlsruhe halte caf\u00e9 au lait. La r\u00e9gion de Dinant para\u00eet-il fortement d\u00e9molie. Voyage tr\u00e8s long et tr\u00e8s \u00e9nervant. Arriv\u00e9e \u00e0 Karlhruhe vers11h re\u00e7u dans un centre de rapatriement fran\u00e7ais re\u00e7u du pain de la viande du fromage de la bi\u00e8re en petite quantit\u00e9 mais bon. Coucher 1h1\/2 du matin<\/em>.<\/p>\n<p>Sinon des messages \u00e0 l&rsquo;adresse des siens et \u00e9crits en st\u00e9no sur des boutons de pyjama \u00e0 la prison de St Gilles, ici se terminent les seules lignes \u00e9crites par mon p\u00e8re durant sa d\u00e9tention dans les camps. Il nous faudra attendre le 50e anniversaire de la lib\u00e9ration des camps pour qu&rsquo;il trouve le courage d&rsquo; \u00e9crire quelques lignes de m\u00e9moire.<\/p>\n<hr \/>\n<p><em>(*) Saal an der Donau est une des annexes du camp de concentration de Flossenb\u00fcrg<\/em><br \/>\n<em> (**)On comprendra qu&rsquo;il s&rsquo;agit des 09\/05 et 10\/05. Petites erreurs dans la date bien compr\u00e9hensibles vu l&rsquo;\u00e9tat de sant\u00e9 et de faiblesse dans lesquelles du d\u00e9port\u00e9.<\/em><br \/>\n<em> (***) Il s&rsquo;agit en fait du samedi 12\/05<\/em><\/p>\n","protected":false},"excerpt":{"rendered":"<p>En reprenant les papiers de mon p\u00e8re d\u00e9c\u00e9d\u00e9 r\u00e9cemment, j&rsquo;ai relu les quelques pages qu&rsquo;il avait \u00e9crites \u00e0 la lib\u00e9ration du camp de concentration de Dachau. Venant de Saal an der Donau (*) il y avait \u00e9t\u00e9 transf\u00e9r\u00e9 apr\u00e8s une &hellip; <a href=\"https:\/\/www.photoethistoire.eu\/14-18\/2010\/02\/liberation-du-camp-de-dachau\/\">Lire la suite <span class=\"meta-nav\">&rarr;<\/span><\/a><\/p>\n","protected":false},"author":1,"featured_media":0,"comment_status":"closed","ping_status":"open","sticky":false,"template":"","format":"standard","meta":{"footnotes":""},"categories":[1,66],"tags":[],"class_list":["post-615","post","type-post","status-publish","format-standard","hentry","category-chemins","category-tem-40-45"],"_links":{"self":[{"href":"https:\/\/www.photoethistoire.eu\/14-18\/wp-json\/wp\/v2\/posts\/615","targetHints":{"allow":["GET"]}}],"collection":[{"href":"https:\/\/www.photoethistoire.eu\/14-18\/wp-json\/wp\/v2\/posts"}],"about":[{"href":"https:\/\/www.photoethistoire.eu\/14-18\/wp-json\/wp\/v2\/types\/post"}],"author":[{"embeddable":true,"href":"https:\/\/www.photoethistoire.eu\/14-18\/wp-json\/wp\/v2\/users\/1"}],"replies":[{"embeddable":true,"href":"https:\/\/www.photoethistoire.eu\/14-18\/wp-json\/wp\/v2\/comments?post=615"}],"version-history":[{"count":3,"href":"https:\/\/www.photoethistoire.eu\/14-18\/wp-json\/wp\/v2\/posts\/615\/revisions"}],"predecessor-version":[{"id":1361,"href":"https:\/\/www.photoethistoire.eu\/14-18\/wp-json\/wp\/v2\/posts\/615\/revisions\/1361"}],"wp:attachment":[{"href":"https:\/\/www.photoethistoire.eu\/14-18\/wp-json\/wp\/v2\/media?parent=615"}],"wp:term":[{"taxonomy":"category","embeddable":true,"href":"https:\/\/www.photoethistoire.eu\/14-18\/wp-json\/wp\/v2\/categories?post=615"},{"taxonomy":"post_tag","embeddable":true,"href":"https:\/\/www.photoethistoire.eu\/14-18\/wp-json\/wp\/v2\/tags?post=615"}],"curies":[{"name":"wp","href":"https:\/\/api.w.org\/{rel}","templated":true}]}}