{"id":625,"date":"2009-12-10T16:29:33","date_gmt":"2009-12-10T15:29:33","guid":{"rendered":"http:\/\/www.photoethistoire.eu\/14-18\/?p=625"},"modified":"2016-05-20T09:05:17","modified_gmt":"2016-05-20T08:05:17","slug":"maurice-robert-347e-r-i","status":"publish","type":"post","link":"https:\/\/www.photoethistoire.eu\/14-18\/2009\/12\/maurice-robert-347e-r-i\/","title":{"rendered":"Maurice ROBERT &#8211; 347e R.I."},"content":{"rendered":"<div class=\"image_block\" style=\"text-align: center;\"><img loading=\"lazy\" decoding=\"async\" class=\"aligncenter\" title=\"\" src=\"http:\/\/www.photoethistoire.eu\/blogs\/media\/blogs\/a\/mplfillustration\/robert.jpg\" alt=\"\" width=\"215\" height=\"300\" \/><br \/>\n<strong>Maurice, Paul ROBERT<\/strong><br \/>\nSous-Lieutenant au 347e R.I.<\/p>\n<\/div>\n<p>Citation :<\/p>\n<p><em>Jeune officier de constitution d\u00e9licate qui a constamment puis\u00e9 dans son \u00e9nergie morale la vigueur n\u00e9cessaire pour faire tout son devoir. Bless\u00e9 l\u00e9g\u00e8rement le 28 ao\u00fbt 1914 est rest\u00e9 sur le front et a \u00e9t\u00e9 tr\u00e8s gri\u00e8vement bless\u00e9 le 30 ao\u00fbt 1914 en t\u00eate de sa section, donnant \u00e0 tous ses hommes le plus bel exemple. Mort des suites de ses blessures.<\/em><\/p>\n","protected":false},"excerpt":{"rendered":"<p>Maurice, Paul ROBERT Sous-Lieutenant au 347e R.I. Citation : Jeune officier de constitution d\u00e9licate qui a constamment puis\u00e9 dans son \u00e9nergie morale la vigueur n\u00e9cessaire pour faire tout son devoir. Bless\u00e9 l\u00e9g\u00e8rement le 28 ao\u00fbt 1914 est rest\u00e9 sur le &hellip; <a href=\"https:\/\/www.photoethistoire.eu\/14-18\/2009\/12\/maurice-robert-347e-r-i\/\">Lire la suite <span class=\"meta-nav\">&rarr;<\/span><\/a><\/p>\n","protected":false},"author":1,"featured_media":0,"comment_status":"closed","ping_status":"open","sticky":false,"template":"","format":"standard","meta":{"footnotes":""},"categories":[24],"tags":[],"class_list":["post-625","post","type-post","status-publish","format-standard","hentry","category-histo"],"_links":{"self":[{"href":"https:\/\/www.photoethistoire.eu\/14-18\/wp-json\/wp\/v2\/posts\/625","targetHints":{"allow":["GET"]}}],"collection":[{"href":"https:\/\/www.photoethistoire.eu\/14-18\/wp-json\/wp\/v2\/posts"}],"about":[{"href":"https:\/\/www.photoethistoire.eu\/14-18\/wp-json\/wp\/v2\/types\/post"}],"author":[{"embeddable":true,"href":"https:\/\/www.photoethistoire.eu\/14-18\/wp-json\/wp\/v2\/users\/1"}],"replies":[{"embeddable":true,"href":"https:\/\/www.photoethistoire.eu\/14-18\/wp-json\/wp\/v2\/comments?post=625"}],"version-history":[{"count":3,"href":"https:\/\/www.photoethistoire.eu\/14-18\/wp-json\/wp\/v2\/posts\/625\/revisions"}],"predecessor-version":[{"id":628,"href":"https:\/\/www.photoethistoire.eu\/14-18\/wp-json\/wp\/v2\/posts\/625\/revisions\/628"}],"wp:attachment":[{"href":"https:\/\/www.photoethistoire.eu\/14-18\/wp-json\/wp\/v2\/media?parent=625"}],"wp:term":[{"taxonomy":"category","embeddable":true,"href":"https:\/\/www.photoethistoire.eu\/14-18\/wp-json\/wp\/v2\/categories?post=625"},{"taxonomy":"post_tag","embeddable":true,"href":"https:\/\/www.photoethistoire.eu\/14-18\/wp-json\/wp\/v2\/tags?post=625"}],"curies":[{"name":"wp","href":"https:\/\/api.w.org\/{rel}","templated":true}]}}