{"id":629,"date":"2009-12-10T16:33:24","date_gmt":"2009-12-10T15:33:24","guid":{"rendered":"http:\/\/www.photoethistoire.eu\/14-18\/?p=629"},"modified":"2016-05-20T09:05:17","modified_gmt":"2016-05-20T08:05:17","slug":"robert-de-raulin-de-geuteville-de-realcamp-25e-b-c-p","status":"publish","type":"post","link":"https:\/\/www.photoethistoire.eu\/14-18\/2009\/12\/robert-de-raulin-de-geuteville-de-realcamp-25e-b-c-p\/","title":{"rendered":"Robert de Raulin de Geuteville de R\u00e9alcamp &#8211; 25e B.C.P."},"content":{"rendered":"<div class=\"image_block\" style=\"text-align: left;\">\n<img loading=\"lazy\" decoding=\"async\" class=\"aligncenter\" title=\"\" src=\"http:\/\/www.photoethistoire.eu\/blogs\/media\/blogs\/a\/mplfillustration\/deraulin.jpg\" alt=\"\" width=\"265\" height=\"350\" \/><br \/>\n<strong>Robert, Marie, Louis, Etienne de Raulin de Gueuteville de R\u00e9alcamp<\/strong><br \/>\nCapitaine au 25e B.C.P. \u00a0&#8211;\u00a0n\u00e9 le 30 juin 1881 \u00e0 Mayenne (dpt Mayenne)<br \/>\nTu\u00e9 sur le champ de bataille aux \u00c9parges (Meuse) le 27 mars 1915<\/p>\n<p>2 citations<\/p><\/div>\n<p style=\"text-align: left;\"><em>S\u00e9rieusement bless\u00e9 le 24 ao\u00fbt, en regroupant son unit\u00e9 pendant un mouvement de repli. Non encore compl\u00e8tement remis de sa blessure, quinze jours apr\u00e8s a rejoint son corps bien que compris dans un convoi d&rsquo;\u00e9vacuation sur l&rsquo;int\u00e9rieur. Tu\u00e9 glorieusement \u00e0 la t\u00eate de sa compagnie qu&rsquo;il entra\u00eenait \u00e0 l&rsquo;assaut<\/em>.<\/p>\n","protected":false},"excerpt":{"rendered":"<p>Robert, Marie, Louis, Etienne de Raulin de Gueuteville de R\u00e9alcamp Capitaine au 25e B.C.P. \u00a0&#8211;\u00a0n\u00e9 le 30 juin 1881 \u00e0 Mayenne (dpt Mayenne) Tu\u00e9 sur le champ de bataille aux \u00c9parges (Meuse) le 27 mars 1915 2 citations S\u00e9rieusement bless\u00e9 &hellip; <a href=\"https:\/\/www.photoethistoire.eu\/14-18\/2009\/12\/robert-de-raulin-de-geuteville-de-realcamp-25e-b-c-p\/\">Lire la suite <span class=\"meta-nav\">&rarr;<\/span><\/a><\/p>\n","protected":false},"author":1,"featured_media":0,"comment_status":"closed","ping_status":"open","sticky":false,"template":"","format":"standard","meta":{"footnotes":""},"categories":[24],"tags":[],"class_list":["post-629","post","type-post","status-publish","format-standard","hentry","category-histo"],"_links":{"self":[{"href":"https:\/\/www.photoethistoire.eu\/14-18\/wp-json\/wp\/v2\/posts\/629","targetHints":{"allow":["GET"]}}],"collection":[{"href":"https:\/\/www.photoethistoire.eu\/14-18\/wp-json\/wp\/v2\/posts"}],"about":[{"href":"https:\/\/www.photoethistoire.eu\/14-18\/wp-json\/wp\/v2\/types\/post"}],"author":[{"embeddable":true,"href":"https:\/\/www.photoethistoire.eu\/14-18\/wp-json\/wp\/v2\/users\/1"}],"replies":[{"embeddable":true,"href":"https:\/\/www.photoethistoire.eu\/14-18\/wp-json\/wp\/v2\/comments?post=629"}],"version-history":[{"count":1,"href":"https:\/\/www.photoethistoire.eu\/14-18\/wp-json\/wp\/v2\/posts\/629\/revisions"}],"predecessor-version":[{"id":630,"href":"https:\/\/www.photoethistoire.eu\/14-18\/wp-json\/wp\/v2\/posts\/629\/revisions\/630"}],"wp:attachment":[{"href":"https:\/\/www.photoethistoire.eu\/14-18\/wp-json\/wp\/v2\/media?parent=629"}],"wp:term":[{"taxonomy":"category","embeddable":true,"href":"https:\/\/www.photoethistoire.eu\/14-18\/wp-json\/wp\/v2\/categories?post=629"},{"taxonomy":"post_tag","embeddable":true,"href":"https:\/\/www.photoethistoire.eu\/14-18\/wp-json\/wp\/v2\/tags?post=629"}],"curies":[{"name":"wp","href":"https:\/\/api.w.org\/{rel}","templated":true}]}}