{"id":656,"date":"2009-11-22T16:54:51","date_gmt":"2009-11-22T15:54:51","guid":{"rendered":"http:\/\/www.photoethistoire.eu\/14-18\/?p=656"},"modified":"2016-05-20T09:05:17","modified_gmt":"2016-05-20T08:05:17","slug":"dans-le-secteur-de-betheny-sept-tombes-du-293e-r-i","status":"publish","type":"post","link":"https:\/\/www.photoethistoire.eu\/14-18\/2009\/11\/dans-le-secteur-de-betheny-sept-tombes-du-293e-r-i\/","title":{"rendered":"Dans le secteur de B\u00e9theny &#8211; sept tombes du 293e R.I."},"content":{"rendered":"<p>Le 293e R.I. servait au sein de la m\u00eame brigade que le 403e R.I., la 301\u00e8me. Ce r\u00e9giment a, lui aussi, pay\u00e9 un lourd tribu \u00e0 la guerre. Selon l&rsquo;article qui lui est consacr\u00e9 dans les pages de l&rsquo;encyclop\u00e9die libre <a href=\"http:\/\/fr.wikipedia.org\/wiki\/Accueil\">\u00ab\u00a0Wikip\u00e9dia\u00a0\u00bb<\/a>, en 1914, lors de la bataille de la Marne, aux combats de F\u00e8re-Champenoise le r\u00e9giment ne comptait plus que 700 hommes valides. A noter qu&rsquo;en ao\u00fbt de la m\u00eame ann\u00e9e il participa aux combats dans les Ardennes Belges.<\/p>\n<p>En 1915 il combat dans la Somme aux c\u00f4t\u00e9s du 403e ainsi qu&rsquo;en 1916 lors des combats de Champagne et \u00e0 Verdun. En 1917 il sera, toujours au sein de la 301\u00e8me Brigade, \u00e0 Craonne et Vauxaillon.<\/p>\n<div class=\"image_block\" style=\"text-align: center;\"><img loading=\"lazy\" decoding=\"async\" class=\"aligncenter\" title=\"\" src=\"http:\/\/www.photoethistoire.eu\/blogs\/media\/blogs\/a\/cimetieres\/pierquincim1.jpg\" alt=\"\" width=\"600\" height=\"386\" \/>Dans le secteur de Betheny (Marne) au Nord de Reims et de la ferme Pierquin,<br \/>\nle cimeti\u00e8re provisoire o\u00f9 \u00e9taient inhum\u00e9s plusieurs hommes du 293e R.I.<\/div>\n<p><em>A l&rsquo;avant plan, de gauche \u00e0 droite, les tombes de :<\/em><\/p>\n<p><strong>Louis, Joseph GRAUX<\/strong> &#8211; Caporal \u00e0 la compagnie de mitrailleuses<br \/>\nN\u00e9 le 17 juillet 1890 \u00e0 St Quentin (Aisne), tu\u00e9 au combat \u00e0 la Neuvillette le 6 mai 1917.<\/p>\n<p><em>Au pied de sa croix les hommes de son r\u00e9giment ont d\u00e9pos\u00e9 une plaque souvenir. A l&rsquo;\u00e9poque de la photo elle avait \u00e9t\u00e9 endommag\u00e9e par un tir mais on peut encore distinguer ce qui suit :<\/em><\/p>\n<blockquote><p>..EUTENANT COMMT&#8230;LE&#8230;CAPORAUX et SOLDATS de &#8230;.Mitrailleuses de Position&#8230;camarade&#8230;L..ois GRAUX<br \/>\nMort au Champ d&rsquo;Honneur<\/p><\/blockquote>\n<p><strong>Pierre, Charles, Fran\u00e7ois BRISARD<\/strong> &#8211; Soldat<br \/>\nN\u00e9 le 10 mai 1887 \u00e0 St Gervais (Vend\u00e9e), tu\u00e9 au combat \u00e0 Neufchatel le 11 mai 1917<\/p>\n<p><strong>Jean, Fran\u00e7ois, Marie P\u00c9RON<\/strong> &#8211; Soldat<br \/>\nN\u00e9 le 21 ao\u00fbt 1878 \u00e0 Plougouven (Finist\u00e8re), tu\u00e9 au combat pr\u00e8s de la Neuvillette le 11 mai 1917<\/p>\n<p><em>A l&rsquo;arri\u00e8re plan de gauche \u00e0 droite :<\/em><\/p>\n<p><strong>Aim\u00e9, Eug\u00e8ne POINGT<\/strong> &#8211; Caporal<br \/>\nN\u00e9 le 27 f\u00e9vrier 1884 \u00e0 L\u00e9g\u00e9 (Loire Atlantique), tu\u00e9 au combat \u00e0 la Neuvillette le 23 avril 1917<\/p>\n<p><strong>Camille, Henri, Emile GU\u00c9RY<\/strong> &#8211; Soldat<br \/>\nN\u00e9 le 14 mars 1882 \u00e0 St Andr\u00e9-Treize-Voies (Vend\u00e9e), tu\u00e9 au combat \u00e0 Betheny le 23 avril 1917<\/p>\n<p><strong>Eug\u00e8ne, Fernand, Elis\u00e9e BLANQUENIAUX<\/strong> &#8211; Soldat<br \/>\nN\u00e9 le 20 juillet 1886 \u00e0 Villequier-Aumont (Aisne), tu\u00e9 au combat \u00e0 Betheny (pr\u00e8s de la Neuvillette) le 23 avril 1917<\/p>\n<p><strong>Jean, Mathurin LE FRAILLEC<\/strong> &#8211; Soldat<br \/>\nN\u00e9 le 11 septembre 1879 \u00e0 Naizin (Morbihan), tu\u00e9 \u00e0 La Neuvillette le 23 avril 1917<\/p>\n","protected":false},"excerpt":{"rendered":"<p>Le 293e R.I. servait au sein de la m\u00eame brigade que le 403e R.I., la 301\u00e8me. Ce r\u00e9giment a, lui aussi, pay\u00e9 un lourd tribu \u00e0 la guerre. Selon l&rsquo;article qui lui est consacr\u00e9 dans les pages de l&rsquo;encyclop\u00e9die libre &hellip; <a href=\"https:\/\/www.photoethistoire.eu\/14-18\/2009\/11\/dans-le-secteur-de-betheny-sept-tombes-du-293e-r-i\/\">Lire la suite <span class=\"meta-nav\">&rarr;<\/span><\/a><\/p>\n","protected":false},"author":1,"featured_media":0,"comment_status":"closed","ping_status":"open","sticky":false,"template":"","format":"standard","meta":{"footnotes":""},"categories":[1],"tags":[],"class_list":["post-656","post","type-post","status-publish","format-standard","hentry","category-chemins"],"_links":{"self":[{"href":"https:\/\/www.photoethistoire.eu\/14-18\/wp-json\/wp\/v2\/posts\/656","targetHints":{"allow":["GET"]}}],"collection":[{"href":"https:\/\/www.photoethistoire.eu\/14-18\/wp-json\/wp\/v2\/posts"}],"about":[{"href":"https:\/\/www.photoethistoire.eu\/14-18\/wp-json\/wp\/v2\/types\/post"}],"author":[{"embeddable":true,"href":"https:\/\/www.photoethistoire.eu\/14-18\/wp-json\/wp\/v2\/users\/1"}],"replies":[{"embeddable":true,"href":"https:\/\/www.photoethistoire.eu\/14-18\/wp-json\/wp\/v2\/comments?post=656"}],"version-history":[{"count":2,"href":"https:\/\/www.photoethistoire.eu\/14-18\/wp-json\/wp\/v2\/posts\/656\/revisions"}],"predecessor-version":[{"id":658,"href":"https:\/\/www.photoethistoire.eu\/14-18\/wp-json\/wp\/v2\/posts\/656\/revisions\/658"}],"wp:attachment":[{"href":"https:\/\/www.photoethistoire.eu\/14-18\/wp-json\/wp\/v2\/media?parent=656"}],"wp:term":[{"taxonomy":"category","embeddable":true,"href":"https:\/\/www.photoethistoire.eu\/14-18\/wp-json\/wp\/v2\/categories?post=656"},{"taxonomy":"post_tag","embeddable":true,"href":"https:\/\/www.photoethistoire.eu\/14-18\/wp-json\/wp\/v2\/tags?post=656"}],"curies":[{"name":"wp","href":"https:\/\/api.w.org\/{rel}","templated":true}]}}