{"id":698,"date":"2009-09-15T09:27:28","date_gmt":"2009-09-15T08:27:28","guid":{"rendered":"http:\/\/www.photoethistoire.eu\/14-18\/?p=698"},"modified":"2016-05-20T09:05:52","modified_gmt":"2016-05-20T08:05:52","slug":"laval-sur-tourbe-f","status":"publish","type":"post","link":"https:\/\/www.photoethistoire.eu\/14-18\/2009\/09\/laval-sur-tourbe-f\/","title":{"rendered":"Laval-sur-Tourbe (F)"},"content":{"rendered":"<p>Apr\u00e8s la bataille de la Marne (13 septembre 1914) les troupes allemandes reculent et le village de Laval se situe \u00e0 pr\u00e9sent \u00e0 6 km du front.<\/p>\n<p>Le village sert alors de lieu de repos pour les troupes fran\u00e7aises et l&rsquo;\u00e9glise d&rsquo;h\u00f4pital de campagne. Beaucoup de bless\u00e9s succomberont et le petit cimeti\u00e8re civil du village est tr\u00e8s vite satur\u00e9, 136 soldats y reposent d\u00e9j\u00e0.<\/p>\n<p>En avril 1915 donc se cr\u00e9e le \u00ab\u00a0Cimeti\u00e8re GROSSETI\u00a0\u00bb, il abrite 62 tombes. Et en 1916 c&rsquo;est un troisi\u00e8me lieu d&rsquo;inhumation qui doit \u00eatre cr\u00e9\u00e9, il est appel\u00e9 \u00abNouveau Cimeti\u00e8re\u00a0\u00bb. Il se situe dans le Nord du village \u00e0 l&rsquo;endroit de l&rsquo;actuel cimeti\u00e8re.<\/p>\n<div class=\"image_block\"><img loading=\"lazy\" decoding=\"async\" class=\"aligncenter\" title=\"\" src=\"http:\/\/www.photoethistoire.eu\/blogs\/media\/blogs\/a\/cimetieres\/lavaltourbe1.jpg\" alt=\"\" width=\"600\" height=\"400\" \/><\/div>\n<p>A la fin du conflit 600 soldats fran\u00e7ais y reposent ainsi que 36 allemands. En 1919, le gouvernement fran\u00e7ais autorisent le rapatriement des corps par les familles et les s\u00e9pultures des soldats qui ne sont pas rapatri\u00e9s sont transf\u00e9r\u00e9es dans les n\u00e9cropoles nationales.<\/p>\n<p>En 1922, 18 familles demandent que leur soldat reste inhum\u00e9 dans le cimeti\u00e8re d&rsquo;origine. En 1924 ces familles acqui\u00e8rent 24 ares de ce cimeti\u00e8re qu&rsquo;elles font am\u00e9nager par l&rsquo;entreprise Coyeux de Ste M\u00e9nehould. En 1929, en plus d&rsquo;une somme de 8000 francs (de l&rsquo;\u00e9poque) pour pouvoir \u00e0 l&rsquo;entretien, elles font don de leur parcelle au Souvenir Fran\u00e7ais. 2000 francs sont aussi vers\u00e9s \u00e0 l&rsquo;\u00e9v\u00each\u00e9 de Ch\u00e2lons-sur-Marne pour un service religieux annuel.<\/p>\n<p>Le cimeti\u00e8re est inaugur\u00e9 le 8 mai 1933 ce sont les familles et les habitants du village qui l&rsquo;entretiendront b\u00e9n\u00e9volement avant que le Souvenir Fran\u00e7ais le reprenne \u00e0 sa charge en 1984. 21 autres tombes ont \u00e9t\u00e9 transf\u00e9r\u00e9es depuis.<\/p>\n<p><em>(Source : panneau d&rsquo;information du cimeti\u00e8re)<\/em><\/p>\n<div class=\"image_block\" style=\"text-align: center;\">\n<img loading=\"lazy\" decoding=\"async\" class=\"aligncenter\" title=\"\" src=\"http:\/\/www.photoethistoire.eu\/blogs\/media\/blogs\/a\/cimetieres\/lavalplan.jpg\" alt=\"\" width=\"600\" height=\"419\" \/>Plan g\u00e9n\u00e9ral<\/div>\n","protected":false},"excerpt":{"rendered":"<p>Apr\u00e8s la bataille de la Marne (13 septembre 1914) les troupes allemandes reculent et le village de Laval se situe \u00e0 pr\u00e9sent \u00e0 6 km du front. Le village sert alors de lieu de repos pour les troupes fran\u00e7aises et &hellip; <a href=\"https:\/\/www.photoethistoire.eu\/14-18\/2009\/09\/laval-sur-tourbe-f\/\">Lire la suite <span class=\"meta-nav\">&rarr;<\/span><\/a><\/p>\n","protected":false},"author":1,"featured_media":0,"comment_status":"closed","ping_status":"open","sticky":false,"template":"","format":"standard","meta":{"footnotes":""},"categories":[21],"tags":[],"class_list":["post-698","post","type-post","status-publish","format-standard","hentry","category-necropo"],"_links":{"self":[{"href":"https:\/\/www.photoethistoire.eu\/14-18\/wp-json\/wp\/v2\/posts\/698","targetHints":{"allow":["GET"]}}],"collection":[{"href":"https:\/\/www.photoethistoire.eu\/14-18\/wp-json\/wp\/v2\/posts"}],"about":[{"href":"https:\/\/www.photoethistoire.eu\/14-18\/wp-json\/wp\/v2\/types\/post"}],"author":[{"embeddable":true,"href":"https:\/\/www.photoethistoire.eu\/14-18\/wp-json\/wp\/v2\/users\/1"}],"replies":[{"embeddable":true,"href":"https:\/\/www.photoethistoire.eu\/14-18\/wp-json\/wp\/v2\/comments?post=698"}],"version-history":[{"count":2,"href":"https:\/\/www.photoethistoire.eu\/14-18\/wp-json\/wp\/v2\/posts\/698\/revisions"}],"predecessor-version":[{"id":700,"href":"https:\/\/www.photoethistoire.eu\/14-18\/wp-json\/wp\/v2\/posts\/698\/revisions\/700"}],"wp:attachment":[{"href":"https:\/\/www.photoethistoire.eu\/14-18\/wp-json\/wp\/v2\/media?parent=698"}],"wp:term":[{"taxonomy":"category","embeddable":true,"href":"https:\/\/www.photoethistoire.eu\/14-18\/wp-json\/wp\/v2\/categories?post=698"},{"taxonomy":"post_tag","embeddable":true,"href":"https:\/\/www.photoethistoire.eu\/14-18\/wp-json\/wp\/v2\/tags?post=698"}],"curies":[{"name":"wp","href":"https:\/\/api.w.org\/{rel}","templated":true}]}}