{"id":77,"date":"2014-12-21T18:46:51","date_gmt":"2014-12-21T17:46:51","guid":{"rendered":"http:\/\/www.photoethistoire.eu\/14-18\/?p=77"},"modified":"2016-05-20T09:01:29","modified_gmt":"2016-05-20T08:01:29","slug":"louis-paul-valleran","status":"publish","type":"post","link":"https:\/\/www.photoethistoire.eu\/14-18\/2014\/12\/louis-paul-valleran\/","title":{"rendered":"Louis, Paul VALLERAN"},"content":{"rendered":"<p>C&rsquo;est gr\u00e2ce aux pages <a href=\"http:\/\/www.geneanet.org\/14-18\/\"><b>\u00ab\u00a0Nos Anc\u00eatres dans la Grande Guerre<\/b>\u00ab\u00a0<\/a> propos\u00e9es par<strong>\u00a0<a href=\"http:\/\/www.geneanet.org\/\">Geneanet\u00a0<\/a>,<\/strong>\u00a0ainsi qu&rsquo;\u00e0 ceux qui y ont contribu\u00e9, que j&rsquo;ai d\u00e9couvert l&rsquo;existence de ce soldat.<\/p>\n<p>Sa fiche matricule <i>(1)<\/i> m&rsquo;a ensuite permis de suivre son parcours. N\u00e9 en 1895 \u00e0 Criquebeuf-en-Caux (Seine Maritime) il a servi au 76e R.I en 1915, puis au 410e R.I., et a rejoint le 403e R.I. en juillet 1917. R\u00e9giment au sein duquel il est rest\u00e9 jusqu&rsquo;\u00e0 la fin de la guerre. C&rsquo;est en combattant dans les rangs du 403e qu&rsquo;il a obtenu cette citation \u00e0 l&rsquo;ordre de la 151e Division :<\/p>\n<p><em><strong>\u00ab\u00a0Grenadier brave et courageux le 8-06-18 a particip\u00e9 \u00e0 refouler l&rsquo;ennemi de 200 m entra\u00eenant tous ses camarades par son exemple\u00a0\u00bb<\/strong><\/em><\/p>\n<p>D\u00e9cor\u00e9 de la Croix de guerre avec \u00e9toile d&rsquo;argent.<\/p>\n<p><i>(1) Source : Archives d\u00e9partementales de Seine-Maritime<\/i><\/p>\n","protected":false},"excerpt":{"rendered":"<p>C&rsquo;est gr\u00e2ce aux pages \u00ab\u00a0Nos Anc\u00eatres dans la Grande Guerre\u00ab\u00a0 propos\u00e9es par\u00a0Geneanet\u00a0,\u00a0ainsi qu&rsquo;\u00e0 ceux qui y ont contribu\u00e9, que j&rsquo;ai d\u00e9couvert l&rsquo;existence de ce soldat. Sa fiche matricule (1) m&rsquo;a ensuite permis de suivre son parcours. N\u00e9 en 1895 \u00e0 &hellip; <a href=\"https:\/\/www.photoethistoire.eu\/14-18\/2014\/12\/louis-paul-valleran\/\">Lire la suite <span class=\"meta-nav\">&rarr;<\/span><\/a><\/p>\n","protected":false},"author":1,"featured_media":0,"comment_status":"closed","ping_status":"open","sticky":false,"template":"","format":"standard","meta":{"footnotes":""},"categories":[20],"tags":[],"class_list":["post-77","post","type-post","status-publish","format-standard","hentry","category-cita"],"_links":{"self":[{"href":"https:\/\/www.photoethistoire.eu\/14-18\/wp-json\/wp\/v2\/posts\/77","targetHints":{"allow":["GET"]}}],"collection":[{"href":"https:\/\/www.photoethistoire.eu\/14-18\/wp-json\/wp\/v2\/posts"}],"about":[{"href":"https:\/\/www.photoethistoire.eu\/14-18\/wp-json\/wp\/v2\/types\/post"}],"author":[{"embeddable":true,"href":"https:\/\/www.photoethistoire.eu\/14-18\/wp-json\/wp\/v2\/users\/1"}],"replies":[{"embeddable":true,"href":"https:\/\/www.photoethistoire.eu\/14-18\/wp-json\/wp\/v2\/comments?post=77"}],"version-history":[{"count":1,"href":"https:\/\/www.photoethistoire.eu\/14-18\/wp-json\/wp\/v2\/posts\/77\/revisions"}],"predecessor-version":[{"id":78,"href":"https:\/\/www.photoethistoire.eu\/14-18\/wp-json\/wp\/v2\/posts\/77\/revisions\/78"}],"wp:attachment":[{"href":"https:\/\/www.photoethistoire.eu\/14-18\/wp-json\/wp\/v2\/media?parent=77"}],"wp:term":[{"taxonomy":"category","embeddable":true,"href":"https:\/\/www.photoethistoire.eu\/14-18\/wp-json\/wp\/v2\/categories?post=77"},{"taxonomy":"post_tag","embeddable":true,"href":"https:\/\/www.photoethistoire.eu\/14-18\/wp-json\/wp\/v2\/tags?post=77"}],"curies":[{"name":"wp","href":"https:\/\/api.w.org\/{rel}","templated":true}]}}