{"id":770,"date":"2009-05-28T13:39:43","date_gmt":"2009-05-28T12:39:43","guid":{"rendered":"http:\/\/www.photoethistoire.eu\/14-18\/?p=770"},"modified":"2016-05-20T09:06:26","modified_gmt":"2016-05-20T08:06:26","slug":"american-memorial-day-2009-la-neuville-en-condroz-b","status":"publish","type":"post","link":"https:\/\/www.photoethistoire.eu\/14-18\/2009\/05\/american-memorial-day-2009-la-neuville-en-condroz-b\/","title":{"rendered":"American Memorial Day 2009 &#8211; La Neuville-en-Condroz (B)"},"content":{"rendered":"<p>Aux \u00c9tats-Unis, le \u00ab\u00a0Memorial Day\u00a0\u00bb est c\u00e9l\u00e9br\u00e9 chaque ann\u00e9e le dernier lundi du mois de mai. C&rsquo;est pour les am\u00e9ricains l&rsquo;occasion de comm\u00e9morer le souvenir de leurs soldats tu\u00e9s durant les diff\u00e9rents conflits auxquels ils ont particip\u00e9. Et notamment en Europe lors de ceux de 1914-18 et de 1940-1945.<\/p>\n<p><strong>Samedi 23 mai<\/strong><\/p>\n<p>La c\u00e9r\u00e9monie a eut lieu au cimeti\u00e8re am\u00e9ricain de La Neuville-en-Condroz o\u00f9 reposent 5329 soldats dont une grande partie fut tu\u00e9e lors de la Bataille des Ardennes en 1944.<\/p>\n<div class=\"image_block\"><img loading=\"lazy\" decoding=\"async\" class=\"aligncenter\" title=\"\" src=\"http:\/\/www.photoethistoire.eu\/blogs\/media\/blogs\/a\/La-Neuville-en-Condroz-1.jpg\" alt=\"\" width=\"600\" height=\"400\" \/><\/div>\n<p>Y assistaient, aux c\u00f4t\u00e9s des repr\u00e9sentants am\u00e9ricains, plusieurs personnalit\u00e9s belges civiles et militaires ainsi que de nombreuses associations patriotiques. Parmi elles notre Fraternelle de l&rsquo;Arm\u00e9e Secr\u00e8te de Beauraing-Gedinne (Zone 5-secteur 5 &#8211; Groupe C) emmen\u00e9e par notre vaillante pr\u00e9sidente, Madame Blanche Nicolas-Pochet entour\u00e9e de plusieurs de ses anciens compagnons de r\u00e9sistance.<\/p>\n<div class=\"image_block\" style=\"text-align: center;\"><img loading=\"lazy\" decoding=\"async\" class=\"aligncenter\" title=\"\" src=\"http:\/\/www.photoethistoire.eu\/blogs\/media\/blogs\/a\/Neuville-couleurs.jpg\" alt=\"\" width=\"400\" height=\"600\" \/>L&rsquo;arriv\u00e9e des couleurs<\/p>\n<\/div>\n<div class=\"image_block\" style=\"text-align: center;\"><img loading=\"lazy\" decoding=\"async\" class=\"aligncenter\" title=\"\" src=\"http:\/\/www.photoethistoire.eu\/blogs\/media\/blogs\/a\/avion.jpg\" alt=\"\" width=\"400\" height=\"600\" \/>Le salut de quatre avions US venus d&rsquo;Allemagne<\/p>\n<\/div>\n<div class=\"image_block\"><img loading=\"lazy\" decoding=\"async\" class=\"aligncenter\" title=\"\" src=\"http:\/\/www.photoethistoire.eu\/blogs\/media\/blogs\/a\/parrains-la-neuville.jpg\" alt=\"\" width=\"600\" height=\"400\" \/><\/div>\n<p>A la fin de la c\u00e9r\u00e9monie, les participants \u00e9taient invit\u00e9s \u00e0 fleurir la tombe du soldat qu&rsquo;ils parrainent. A ce jour, dans ce cimeti\u00e8re, ce sont plus de 3000 soldats qui sont parrain\u00e9s par nos compatriotes.<\/p>\n<div class=\"image_block\"><img loading=\"lazy\" decoding=\"async\" class=\"aligncenter\" title=\"\" src=\"http:\/\/www.photoethistoire.eu\/blogs\/media\/blogs\/a\/la-neuville-blanchette.jpg\" alt=\"\" width=\"400\" height=\"600\" \/><\/div>\n<p style=\"text-align: center;\">Notre pr\u00e9sidente, Mme Blanche Nicolas-Pochet devant la tombe du soldat<strong> Morris Rubinstein <\/strong>parrain\u00e9 par un de nos membres.<\/p>\n<p>Ce soldat, originaire de New-York, a \u00e9t\u00e9 tu\u00e9 au combat le 16 novembre 1944. Il appartenait au 12e R\u00e9giment d&rsquo;Infanterie de la 4\u00e8me Division d&rsquo;Infanterie. Le 6 juin 1944 le 12th Infantry Regiment d\u00e9barquait sur la plage de Utah-Beach<\/p>\n<div class=\"image_block\">\n<p><img loading=\"lazy\" decoding=\"async\" class=\"aligncenter\" title=\"\" src=\"http:\/\/www.photoethistoire.eu\/blogs\/media\/blogs\/a\/la-neuville-memorial.jpg\" alt=\"\" width=\"600\" height=\"400\" \/><\/p>\n<p style=\"text-align: center;\">Le m\u00e9morial<\/p>\n<\/div>\n<div class=\"image_block\">\n<p><img loading=\"lazy\" decoding=\"async\" class=\"aligncenter\" title=\"\" src=\"http:\/\/www.photoethistoire.eu\/blogs\/media\/blogs\/a\/la-neuville-filleul.jpg\" alt=\"\" width=\"400\" height=\"600\" \/><\/p>\n<p>Mon \u00ab\u00a0filleul\u00a0\u00bb le soldat <strong>Stanley J. Mazur, Jr.<\/strong> du 109e R\u00e9giment d&rsquo;Infanterie, 28\u00e8me Division d&rsquo;Infanterie. Originaire de Pennsylvanie il a \u00e9t\u00e9 tu\u00e9 au combat le 8 novembre 1944.<\/p>\n<div class=\"image_block\"><img loading=\"lazy\" decoding=\"async\" class=\"aligncenter\" title=\"\" src=\"http:\/\/www.photoethistoire.eu\/blogs\/media\/blogs\/a\/la-neuville-fleur.jpg\" alt=\"\" width=\"400\" height=\"600\" \/><\/div>\n<\/div>\n","protected":false},"excerpt":{"rendered":"<p>Aux \u00c9tats-Unis, le \u00ab\u00a0Memorial Day\u00a0\u00bb est c\u00e9l\u00e9br\u00e9 chaque ann\u00e9e le dernier lundi du mois de mai. C&rsquo;est pour les am\u00e9ricains l&rsquo;occasion de comm\u00e9morer le souvenir de leurs soldats tu\u00e9s durant les diff\u00e9rents conflits auxquels ils ont particip\u00e9. Et notamment en &hellip; <a href=\"https:\/\/www.photoethistoire.eu\/14-18\/2009\/05\/american-memorial-day-2009-la-neuville-en-condroz-b\/\">Lire la suite <span class=\"meta-nav\">&rarr;<\/span><\/a><\/p>\n","protected":false},"author":1,"featured_media":0,"comment_status":"closed","ping_status":"open","sticky":false,"template":"","format":"standard","meta":{"footnotes":""},"categories":[1],"tags":[],"class_list":["post-770","post","type-post","status-publish","format-standard","hentry","category-chemins"],"_links":{"self":[{"href":"https:\/\/www.photoethistoire.eu\/14-18\/wp-json\/wp\/v2\/posts\/770","targetHints":{"allow":["GET"]}}],"collection":[{"href":"https:\/\/www.photoethistoire.eu\/14-18\/wp-json\/wp\/v2\/posts"}],"about":[{"href":"https:\/\/www.photoethistoire.eu\/14-18\/wp-json\/wp\/v2\/types\/post"}],"author":[{"embeddable":true,"href":"https:\/\/www.photoethistoire.eu\/14-18\/wp-json\/wp\/v2\/users\/1"}],"replies":[{"embeddable":true,"href":"https:\/\/www.photoethistoire.eu\/14-18\/wp-json\/wp\/v2\/comments?post=770"}],"version-history":[{"count":2,"href":"https:\/\/www.photoethistoire.eu\/14-18\/wp-json\/wp\/v2\/posts\/770\/revisions"}],"predecessor-version":[{"id":772,"href":"https:\/\/www.photoethistoire.eu\/14-18\/wp-json\/wp\/v2\/posts\/770\/revisions\/772"}],"wp:attachment":[{"href":"https:\/\/www.photoethistoire.eu\/14-18\/wp-json\/wp\/v2\/media?parent=770"}],"wp:term":[{"taxonomy":"category","embeddable":true,"href":"https:\/\/www.photoethistoire.eu\/14-18\/wp-json\/wp\/v2\/categories?post=770"},{"taxonomy":"post_tag","embeddable":true,"href":"https:\/\/www.photoethistoire.eu\/14-18\/wp-json\/wp\/v2\/tags?post=770"}],"curies":[{"name":"wp","href":"https:\/\/api.w.org\/{rel}","templated":true}]}}