{"id":773,"date":"2009-05-28T13:43:34","date_gmt":"2009-05-28T12:43:34","guid":{"rendered":"http:\/\/www.photoethistoire.eu\/14-18\/?p=773"},"modified":"2016-05-20T09:06:26","modified_gmt":"2016-05-20T08:06:26","slug":"american-memorial-day-2009-bony-f","status":"publish","type":"post","link":"https:\/\/www.photoethistoire.eu\/14-18\/2009\/05\/american-memorial-day-2009-bony-f\/","title":{"rendered":"American Memorial Day 2009 &#8211; Bony (F)"},"content":{"rendered":"<p>Ce Dimanche 24 mai c&rsquo;est dans le petit village de Bony (Aisne) que la Somme Remembrance Association a assist\u00e9 \u00e0 la comm\u00e9moration en m\u00e9moire des soldats am\u00e9ricains tu\u00e9s lors des combats de 1914-1918.<\/p>\n<div class=\"image_block\">\n<p><img loading=\"lazy\" decoding=\"async\" class=\"aligncenter\" title=\"\" src=\"http:\/\/www.photoethistoire.eu\/blogs\/media\/blogs\/a\/commemorations\/Bony.jpg\" alt=\"\" width=\"600\" height=\"400\" \/><\/p>\n<p style=\"text-align: center;\">Somme American Cemetery<\/p>\n<\/div>\n<div class=\"image_block\">\n<p><img loading=\"lazy\" decoding=\"async\" class=\"aligncenter\" title=\"\" src=\"http:\/\/www.photoethistoire.eu\/blogs\/media\/blogs\/a\/commemorations\/bony2.jpg\" alt=\"\" width=\"600\" height=\"400\" \/><\/p>\n<p style=\"text-align: center;\">1.844 soldats des \u00c9tats-Unis y reposent (parmi eux 5 femmes).<\/p>\n<p style=\"text-align: center;\">138 d&rsquo;entre-eux n&rsquo;ont jamais pu \u00eatre identifi\u00e9s.<\/p>\n<\/div>\n<div class=\"image_block\">\n<p><img loading=\"lazy\" decoding=\"async\" class=\"aligncenter\" title=\"\" src=\"http:\/\/www.photoethistoire.eu\/blogs\/media\/blogs\/a\/commemorations\/memorialbony.jpg\" alt=\"\" width=\"518\" height=\"600\" \/><\/p>\n<p style=\"text-align: center;\">La Chapelle sur les murs de laquelle sont inscrits les noms de 333 soldats disparus<\/p>\n<\/div>\n<div class=\"image_block\">\n<p><img loading=\"lazy\" decoding=\"async\" class=\"aligncenter\" title=\"\" src=\"http:\/\/www.photoethistoire.eu\/blogs\/media\/blogs\/a\/commemorations\/fleursbony.jpg\" alt=\"\" width=\"600\" height=\"400\" \/><\/p>\n<p style=\"text-align: center;\">Apr\u00e8s les traditionnels discours du souvenir on proc\u00e9da au d\u00e9p\u00f4ts de gerbes.<br \/>\nIci par Mr Philippe Gyselinck, maire de Bony&#8230;<\/p>\n<\/div>\n<div class=\"image_block\">\n<p><img loading=\"lazy\" decoding=\"async\" class=\"aligncenter\" title=\"\" src=\"http:\/\/www.photoethistoire.eu\/blogs\/media\/blogs\/a\/commemorations\/fleursbony2.jpg\" alt=\"\" width=\"600\" height=\"400\" \/><\/p>\n<p style=\"text-align: center;\">&#8230;.et ici par le nouveau pr\u00e9sident de la Somme Remembrance Association, Mr Philippe Drouin (\u00e0 gauche)<\/p>\n<\/div>\n<div class=\"image_block\">\n<p><img loading=\"lazy\" decoding=\"async\" class=\"aligncenter\" title=\"\" src=\"http:\/\/www.photoethistoire.eu\/blogs\/media\/blogs\/a\/commemorations\/salve.jpg\" alt=\"\" width=\"400\" height=\"600\" \/><\/p>\n<p style=\"text-align: center;\">S&rsquo;en suivi une salve de \u00ab\u00a0Mousqueterie\u00a0\u00bb tir\u00e9e par une section de la 1\u00e8re Division Blind\u00e9e US<\/p>\n<\/div>\n<div class=\"image_block\">\n<p><img loading=\"lazy\" decoding=\"async\" class=\"aligncenter\" title=\"\" src=\"http:\/\/www.photoethistoire.eu\/blogs\/media\/blogs\/a\/commemorations\/avionsbony.jpg\" alt=\"\" width=\"600\" height=\"400\" \/><\/p>\n<p style=\"text-align: center;\">Apr\u00e8s la sonnerie aux morts et une minute de silence, le survol a\u00e9rien par deux F-15 du 48th Fighter Wing de la US Air Force bas\u00e9e \u00e0 Lakenheath (Grande-Bretagne)<\/p>\n<\/div>\n<div class=\"image_block\">\n<p><img loading=\"lazy\" decoding=\"async\" class=\"aligncenter\" title=\"\" src=\"http:\/\/www.photoethistoire.eu\/blogs\/media\/blogs\/a\/commemorations\/soldfran.jpg\" alt=\"\" width=\"400\" height=\"600\" \/><\/p>\n<p style=\"text-align: center;\">Le 1er R\u00e9giment d&rsquo;Artillerie de Marine de Laon repr\u00e9sentait les troupes fran\u00e7aises.<\/p>\n<\/div>\n<div class=\"image_block\">\n<p><img loading=\"lazy\" decoding=\"async\" class=\"aligncenter\" title=\"\" src=\"http:\/\/www.photoethistoire.eu\/blogs\/media\/blogs\/a\/commemorations\/assocpatriot.jpg\" alt=\"\" width=\"400\" height=\"600\" \/><\/p>\n<p style=\"text-align: center;\">Plusieurs associations patriotiques ont \u00e9galement particip\u00e9 \u00e0 cette comm\u00e9moration.<\/p>\n<\/div>\n<div class=\"image_block\">\n<p><img loading=\"lazy\" decoding=\"async\" class=\"aligncenter\" title=\"\" src=\"http:\/\/www.photoethistoire.eu\/blogs\/media\/blogs\/a\/commemorations\/royalbritish.jpg\" alt=\"\" width=\"400\" height=\"600\" \/><\/p>\n<p style=\"text-align: center;\">Le porte drapeau de la Royal British Legion de la Somme<\/p>\n<\/div>\n<div class=\"image_block\">\n<p><img loading=\"lazy\" decoding=\"async\" class=\"aligncenter\" title=\"\" src=\"http:\/\/www.photoethistoire.eu\/blogs\/media\/blogs\/a\/commemorations\/couleurs.jpg\" alt=\"\" width=\"400\" height=\"600\" \/><\/p>\n<p style=\"text-align: center;\">Le d\u00e9part des couleurs port\u00e9es par des hommes et femmes<br \/>\nde la 1er Division Blind\u00e9e US<\/p>\n<p>Apr\u00e8s la c\u00e9r\u00e9monie tous les participants ont \u00e9t\u00e9 invit\u00e9s \u00e0 un vin d&rsquo;honneur.<\/p>\n<\/div>\n","protected":false},"excerpt":{"rendered":"<p>Ce Dimanche 24 mai c&rsquo;est dans le petit village de Bony (Aisne) que la Somme Remembrance Association a assist\u00e9 \u00e0 la comm\u00e9moration en m\u00e9moire des soldats am\u00e9ricains tu\u00e9s lors des combats de 1914-1918. Somme American Cemetery 1.844 soldats des \u00c9tats-Unis &hellip; <a href=\"https:\/\/www.photoethistoire.eu\/14-18\/2009\/05\/american-memorial-day-2009-bony-f\/\">Lire la suite <span class=\"meta-nav\">&rarr;<\/span><\/a><\/p>\n","protected":false},"author":1,"featured_media":0,"comment_status":"closed","ping_status":"open","sticky":false,"template":"","format":"standard","meta":{"footnotes":""},"categories":[1],"tags":[],"class_list":["post-773","post","type-post","status-publish","format-standard","hentry","category-chemins"],"_links":{"self":[{"href":"https:\/\/www.photoethistoire.eu\/14-18\/wp-json\/wp\/v2\/posts\/773","targetHints":{"allow":["GET"]}}],"collection":[{"href":"https:\/\/www.photoethistoire.eu\/14-18\/wp-json\/wp\/v2\/posts"}],"about":[{"href":"https:\/\/www.photoethistoire.eu\/14-18\/wp-json\/wp\/v2\/types\/post"}],"author":[{"embeddable":true,"href":"https:\/\/www.photoethistoire.eu\/14-18\/wp-json\/wp\/v2\/users\/1"}],"replies":[{"embeddable":true,"href":"https:\/\/www.photoethistoire.eu\/14-18\/wp-json\/wp\/v2\/comments?post=773"}],"version-history":[{"count":3,"href":"https:\/\/www.photoethistoire.eu\/14-18\/wp-json\/wp\/v2\/posts\/773\/revisions"}],"predecessor-version":[{"id":776,"href":"https:\/\/www.photoethistoire.eu\/14-18\/wp-json\/wp\/v2\/posts\/773\/revisions\/776"}],"wp:attachment":[{"href":"https:\/\/www.photoethistoire.eu\/14-18\/wp-json\/wp\/v2\/media?parent=773"}],"wp:term":[{"taxonomy":"category","embeddable":true,"href":"https:\/\/www.photoethistoire.eu\/14-18\/wp-json\/wp\/v2\/categories?post=773"},{"taxonomy":"post_tag","embeddable":true,"href":"https:\/\/www.photoethistoire.eu\/14-18\/wp-json\/wp\/v2\/tags?post=773"}],"curies":[{"name":"wp","href":"https:\/\/api.w.org\/{rel}","templated":true}]}}