{"id":781,"date":"2009-05-08T13:56:00","date_gmt":"2009-05-08T12:56:00","guid":{"rendered":"http:\/\/www.photoethistoire.eu\/14-18\/?p=781"},"modified":"2025-10-30T20:01:04","modified_gmt":"2025-10-30T19:01:04","slug":"hommage-aux-combattants-de-lombre","status":"publish","type":"post","link":"https:\/\/www.photoethistoire.eu\/14-18\/2009\/05\/hommage-aux-combattants-de-lombre\/","title":{"rendered":"Hommage aux combattants de l&rsquo;ombre"},"content":{"rendered":"<div class=\"image_block\" style=\"text-align: center;\"><img loading=\"lazy\" decoding=\"async\" class=\"aligncenter\" title=\"\" src=\"http:\/\/www.photoethistoire.eu\/blogs\/media\/blogs\/a\/namur.jpg\" alt=\"\" width=\"362\" height=\"600\" \/><br \/>\nDans le cimeti\u00e8re de Saint-Servais \u00e0 Namur, l&rsquo;urne de Dachau<\/p>\n<\/div>\n<p>Ce 8 mai on a comm\u00e9mor\u00e9 un peu partout la victoire des alli\u00e9s sur l&rsquo;Allemagne nazie. N&rsquo;oublions jamais ceux \u00e0 qui nous la devons et en particulier ces combattants de l&rsquo;ombre qui ont pay\u00e9 un lourd tribut \u00e0 la lutte pour la d\u00e9mocratie.<\/p>\n<p>Hommage \u00e0 ceux du maquis de Von\u00eache et parmi eux :<\/p>\n<p><strong>Louis THOLOM\u00c9 <\/strong>et <strong>F\u00e9lix STIEVER <\/strong>tu\u00e9s au combat de Von\u00eache le 5 septembre 1943 &#8211; Victor POCHET (d\u00e9c\u00e9d\u00e9 et incin\u00e9r\u00e9 \u00e0 Flossenb\u00fcrg)<\/p>\n<p>Hommage \u00e0 ceux de la r\u00e9gion Beauraing-Gedinne et parmi eux :<\/p>\n<p>&#8211; <strong>Henri NICAISE<\/strong> fusill\u00e9 au Tir National \u00e0 Bruxelles le 13 d\u00e9cembre 1943<br \/>\n&#8211; <strong>Roger WATELET <\/strong>&#8211; Membre de l&rsquo;Arm\u00e9e Secr\u00e8te, des Services \u00ab\u00a0Tempo\u00a0\u00bb et \u00ab\u00a0Athos\u00a0\u00bb &#8211; Mort au camp de Ellrich (Dora Mittelbau) le 22 mars 1945<\/p>\n<p>A tous les membres de l&rsquo;Arm\u00e9e Secr\u00e8te Zone V secteur 5 morts au combat ou en d\u00e9portation.<\/p>\n<div class=\"image_block\"><img loading=\"lazy\" decoding=\"async\" class=\"aligncenter\" title=\"\" src=\"http:\/\/www.photoethistoire.eu\/blogs\/media\/blogs\/a\/ASecrete.jpg\" alt=\"\" width=\"100\" height=\"87\" \/><\/div>\n<p>Et enfin aux compagnons de mon p\u00e8re d\u00e9c\u00e9d\u00e9s au camp de concentration de Saal-am-Donau (annexe du camp de Flossenb\u00fcrg) :<\/p>\n<p><em>ALLARD Maurice + 15.04.1945<\/em><br \/>\n<em>BAX Marcel + 15.04.1945<\/em><br \/>\n<em>BOGAERT Marcel + 19.03.1945<\/em><br \/>\n<em>BRACH Edward + 27.03.1945<\/em><br \/>\n<em>COLONIUS Achille + 15.04.1945<\/em><br \/>\n<em>COREAU Fran\u00e7ois + 27.03.1945<\/em><br \/>\n<em>DAYERS MAURICE + 07.03.1945<\/em><br \/>\n<em>DELAIN C\u00e9lestin + 08.04.1945<\/em><br \/>\n<em>DE KEYSER Julien + 12.03.1945<\/em><br \/>\n<em>DEPAUW Wirgilie + 12.03.1945<\/em><br \/>\n<em>DE VISSCHER Joseph + 15.04.1945<\/em><br \/>\n<em>DE WINTER Antoine + 27.03.1945<\/em><br \/>\n<em>DURY Honor\u00e9 + 07.03.1945<\/em><br \/>\n<em>ELECTEUR Robert + 15.04.1945<\/em><br \/>\n<em>GHISLAIN F\u00e9lix + 12.03.1945<\/em><br \/>\n<em>GILEN Gaston + 03.04.1945<\/em><br \/>\n<em>HACKEN Gotfried + 27.03.1945<\/em><br \/>\n<em>HANDEGHEM Marcel + 15.04.1945<\/em><br \/>\n<em>HICK Pierre + 15.04.1945<\/em><br \/>\n<em>JANS F\u00e9lix + 15.04.1945<\/em><br \/>\n<em>JANSSENS Joseph + 15.04.1945<\/em><br \/>\n<em>LALOUX Georges + 16.03.1945<\/em><br \/>\n<em>LOLIVET Charles + 15.04.1945<\/em><br \/>\n<em>MAESEN Jean + 04.03.1945<\/em><br \/>\n<em>MASSART Constantin + 27.03.1945<\/em><br \/>\n<em>SALMON Andr\u00e9 + 20.03.1945<\/em><br \/>\n<em>SOREL Pierre + 15.04.1945<\/em><br \/>\n<em>TACHENY Marcel, Henri + 15.04.1945<\/em><br \/>\n<em>THEUNISSEN L\u00e9on + 15.04.1945<\/em><br \/>\n<em>VAN REETH Jean + 12.03.1945<\/em><br \/>\n<em>VERDONCK Henri + 15.04.1945<\/em><br \/>\n<em>VERHOEGSTRATE Karl + 12.03.1945<\/em><\/p>\n","protected":false},"excerpt":{"rendered":"<p>Dans le cimeti\u00e8re de Saint-Servais \u00e0 Namur, l&rsquo;urne de Dachau Ce 8 mai on a comm\u00e9mor\u00e9 un peu partout la victoire des alli\u00e9s sur l&rsquo;Allemagne nazie. N&rsquo;oublions jamais ceux \u00e0 qui nous la devons et en particulier ces combattants de &hellip; <a href=\"https:\/\/www.photoethistoire.eu\/14-18\/2009\/05\/hommage-aux-combattants-de-lombre\/\">Lire la suite <span class=\"meta-nav\">&rarr;<\/span><\/a><\/p>\n","protected":false},"author":1,"featured_media":0,"comment_status":"closed","ping_status":"open","sticky":false,"template":"","format":"standard","meta":{"footnotes":""},"categories":[1,47],"tags":[],"class_list":["post-781","post","type-post","status-publish","format-standard","hentry","category-chemins","category-memo"],"_links":{"self":[{"href":"https:\/\/www.photoethistoire.eu\/14-18\/wp-json\/wp\/v2\/posts\/781","targetHints":{"allow":["GET"]}}],"collection":[{"href":"https:\/\/www.photoethistoire.eu\/14-18\/wp-json\/wp\/v2\/posts"}],"about":[{"href":"https:\/\/www.photoethistoire.eu\/14-18\/wp-json\/wp\/v2\/types\/post"}],"author":[{"embeddable":true,"href":"https:\/\/www.photoethistoire.eu\/14-18\/wp-json\/wp\/v2\/users\/1"}],"replies":[{"embeddable":true,"href":"https:\/\/www.photoethistoire.eu\/14-18\/wp-json\/wp\/v2\/comments?post=781"}],"version-history":[{"count":3,"href":"https:\/\/www.photoethistoire.eu\/14-18\/wp-json\/wp\/v2\/posts\/781\/revisions"}],"predecessor-version":[{"id":2537,"href":"https:\/\/www.photoethistoire.eu\/14-18\/wp-json\/wp\/v2\/posts\/781\/revisions\/2537"}],"wp:attachment":[{"href":"https:\/\/www.photoethistoire.eu\/14-18\/wp-json\/wp\/v2\/media?parent=781"}],"wp:term":[{"taxonomy":"category","embeddable":true,"href":"https:\/\/www.photoethistoire.eu\/14-18\/wp-json\/wp\/v2\/categories?post=781"},{"taxonomy":"post_tag","embeddable":true,"href":"https:\/\/www.photoethistoire.eu\/14-18\/wp-json\/wp\/v2\/tags?post=781"}],"curies":[{"name":"wp","href":"https:\/\/api.w.org\/{rel}","templated":true}]}}