{"id":784,"date":"2009-05-27T13:58:28","date_gmt":"2009-05-27T12:58:28","guid":{"rendered":"http:\/\/www.photoethistoire.eu\/14-18\/?p=784"},"modified":"2016-05-20T09:06:26","modified_gmt":"2016-05-20T08:06:26","slug":"h-h-houston-woodwark-escadrille-lafayette","status":"publish","type":"post","link":"https:\/\/www.photoethistoire.eu\/14-18\/2009\/05\/h-h-houston-woodwark-escadrille-lafayette\/","title":{"rendered":"H.H. Houston Woodwark &#8211; Escadrille Lafayette"},"content":{"rendered":"<p>Situ\u00e9 sur la commune de Rubescourt dans la Somme, le monument \u00e9lev\u00e9 \u00e0 la m\u00e9moire de <strong>Henri, Howard, Houston Woodwark<\/strong> caporal-pilote dans l&rsquo;escadrille Lafayette tu\u00e9 au combat le 1er avril 1918 \u00e0 l&rsquo;\u00e2ge de 22 ans. Il repose dans le cimeti\u00e8re am\u00e9ricain de Suresnes (Seine)<\/p>\n<div class=\"image_block\"><img loading=\"lazy\" decoding=\"async\" class=\"aligncenter\" title=\"\" src=\"http:\/\/www.photoethistoire.eu\/blogs\/media\/blogs\/a\/monuments\/monumontdid2.jpg\" alt=\"\" width=\"478\" height=\"600\" \/><\/div>\n<p>Sur la st\u00e8le on peut lire :<\/p>\n<div style=\"text-align: left;\" align=\"center\"><em>In Honor of an American Boy<\/em><br \/>\n<em>who fell here fighting for <\/em><br \/>\n<em>France <\/em><br \/>\n<em>April 1er 1918<\/em><br \/>\n<em>H.H.Houston Woodwark<\/em><br \/>\n<em>Corporal Pilote Spad 94 <\/em><br \/>\n<em><em>Lafayette Flying Corps<\/em><\/em><\/p>\n<hr \/>\n<div style=\"text-align: left;\" align=\"center\">(Situation :\u00a0sur la D 214 entre Montdidier et Rubescourt)<\/p>\n<hr \/>\n<\/div>\n<\/div>\n","protected":false},"excerpt":{"rendered":"<p>Situ\u00e9 sur la commune de Rubescourt dans la Somme, le monument \u00e9lev\u00e9 \u00e0 la m\u00e9moire de Henri, Howard, Houston Woodwark caporal-pilote dans l&rsquo;escadrille Lafayette tu\u00e9 au combat le 1er avril 1918 \u00e0 l&rsquo;\u00e2ge de 22 ans. Il repose dans le &hellip; <a href=\"https:\/\/www.photoethistoire.eu\/14-18\/2009\/05\/h-h-houston-woodwark-escadrille-lafayette\/\">Lire la suite <span class=\"meta-nav\">&rarr;<\/span><\/a><\/p>\n","protected":false},"author":1,"featured_media":0,"comment_status":"closed","ping_status":"open","sticky":false,"template":"","format":"standard","meta":{"footnotes":""},"categories":[22],"tags":[],"class_list":["post-784","post","type-post","status-publish","format-standard","hentry","category-monu"],"_links":{"self":[{"href":"https:\/\/www.photoethistoire.eu\/14-18\/wp-json\/wp\/v2\/posts\/784","targetHints":{"allow":["GET"]}}],"collection":[{"href":"https:\/\/www.photoethistoire.eu\/14-18\/wp-json\/wp\/v2\/posts"}],"about":[{"href":"https:\/\/www.photoethistoire.eu\/14-18\/wp-json\/wp\/v2\/types\/post"}],"author":[{"embeddable":true,"href":"https:\/\/www.photoethistoire.eu\/14-18\/wp-json\/wp\/v2\/users\/1"}],"replies":[{"embeddable":true,"href":"https:\/\/www.photoethistoire.eu\/14-18\/wp-json\/wp\/v2\/comments?post=784"}],"version-history":[{"count":2,"href":"https:\/\/www.photoethistoire.eu\/14-18\/wp-json\/wp\/v2\/posts\/784\/revisions"}],"predecessor-version":[{"id":786,"href":"https:\/\/www.photoethistoire.eu\/14-18\/wp-json\/wp\/v2\/posts\/784\/revisions\/786"}],"wp:attachment":[{"href":"https:\/\/www.photoethistoire.eu\/14-18\/wp-json\/wp\/v2\/media?parent=784"}],"wp:term":[{"taxonomy":"category","embeddable":true,"href":"https:\/\/www.photoethistoire.eu\/14-18\/wp-json\/wp\/v2\/categories?post=784"},{"taxonomy":"post_tag","embeddable":true,"href":"https:\/\/www.photoethistoire.eu\/14-18\/wp-json\/wp\/v2\/tags?post=784"}],"curies":[{"name":"wp","href":"https:\/\/api.w.org\/{rel}","templated":true}]}}