{"id":787,"date":"2009-04-14T14:02:39","date_gmt":"2009-04-14T13:02:39","guid":{"rendered":"http:\/\/www.photoethistoire.eu\/14-18\/?p=787"},"modified":"2016-05-20T09:06:45","modified_gmt":"2016-05-20T08:06:45","slug":"anzac-day","status":"publish","type":"post","link":"https:\/\/www.photoethistoire.eu\/14-18\/2009\/04\/anzac-day\/","title":{"rendered":"Anzac Day"},"content":{"rendered":"<div class=\"image_block\">\n<p><img loading=\"lazy\" decoding=\"async\" class=\"aligncenter\" title=\"\" src=\"http:\/\/www.photoethistoire.eu\/blogs\/media\/blogs\/a\/lijsenthoek.jpg\" alt=\"\" width=\"600\" height=\"400\" \/><\/p>\n<p style=\"text-align: center;\"><em><strong>Their Name Liveth For Evermore &#8211; Leur nom vivra \u00e0 jamais<\/strong><\/em><\/p>\n<\/div>\n<p>Tous les 25 avril on perp\u00e9tue le souvenir des soldats de l&rsquo;Australian and New Zealand Army corps (A.N.Z.A.C) qui se sont courageusement illustr\u00e9s au cours de la premi\u00e8re guerre mondiale. Et pour la premi\u00e8re fois en 1915 dans les Dardanelles quand, aux c\u00f4t\u00e9s de leurs alli\u00e9s, ils affrontent les troupes turques \u00e0 Gallipoli. Ils y subirent d&rsquo;\u00e9normes pertes et, depuis, le 25 avril a \u00e9t\u00e9 choisi pour perp\u00e9tuer le souvenir de leur sacrifice.<\/p>\n<p>Ce jour du souvenir c&rsquo;est l&rsquo;<strong>Anzac Day<\/strong>.<\/p>\n<p>Envoy\u00e9 ensuite sur le front fran\u00e7ais (1916) les Australiens s&rsquo;illustreront d&rsquo;abord \u00e0\u00a0<strong>Fromelles<\/strong> puis dans la Somme notamment au <strong>Moulin de Pozi\u00e8res<\/strong>.<\/p>\n<p>Les troupes de l&rsquo;A.N.Z.A.C sont aussi engag\u00e9es, au mois de juin 1917, dans la bataille des Flandres \u00e0 <strong><a href=\"http:\/\/fr.wikipedia.org\/wiki\/Bataille_de_Messines_(1917)\" target=\"_blank\">Messines<\/a><\/strong> et <strong><a href=\"http:\/\/fr.wikipedia.org\/wiki\/Bataille_de_Passchendaele\" target=\"_blank\">Passendaele<\/a><\/strong><\/p>\n<p>Et enfin c&rsquo;est un 25 avril en 1918 que les soldats australiens ont lib\u00e9r\u00e9 Villers-Bretonneux dans la Somme.<\/p>\n<p>Des dizaines de milliers de soldats de l&rsquo;A.N.Z.A.C ont laiss\u00e9 leur vie sur les fronts de France et de Belgique.<\/p>\n<p>A voir aussi :<\/p>\n<p><strong><a href=\"http:\/\/www.ww1westernfront.gov.au\/\" target=\"_blank\">AUSTRALIANS ON THE WESTERN FRONT 1914- 1918 <\/a><\/strong><\/p>\n<p>et pour ne pas oublier les N\u00e9o-Z\u00e9landais :<\/p>\n<p><strong><a href=\"http:\/\/www.nzhistory.net.nz\/war\/first-world-war\" target=\"_blank\">NEW ZEALAND HISTORY 1914-1918<\/a><\/strong><\/p>\n","protected":false},"excerpt":{"rendered":"<p>Their Name Liveth For Evermore &#8211; Leur nom vivra \u00e0 jamais Tous les 25 avril on perp\u00e9tue le souvenir des soldats de l&rsquo;Australian and New Zealand Army corps (A.N.Z.A.C) qui se sont courageusement illustr\u00e9s au cours de la premi\u00e8re guerre &hellip; <a href=\"https:\/\/www.photoethistoire.eu\/14-18\/2009\/04\/anzac-day\/\">Lire la suite <span class=\"meta-nav\">&rarr;<\/span><\/a><\/p>\n","protected":false},"author":1,"featured_media":0,"comment_status":"closed","ping_status":"open","sticky":false,"template":"","format":"standard","meta":{"footnotes":""},"categories":[1],"tags":[],"class_list":["post-787","post","type-post","status-publish","format-standard","hentry","category-chemins"],"_links":{"self":[{"href":"https:\/\/www.photoethistoire.eu\/14-18\/wp-json\/wp\/v2\/posts\/787","targetHints":{"allow":["GET"]}}],"collection":[{"href":"https:\/\/www.photoethistoire.eu\/14-18\/wp-json\/wp\/v2\/posts"}],"about":[{"href":"https:\/\/www.photoethistoire.eu\/14-18\/wp-json\/wp\/v2\/types\/post"}],"author":[{"embeddable":true,"href":"https:\/\/www.photoethistoire.eu\/14-18\/wp-json\/wp\/v2\/users\/1"}],"replies":[{"embeddable":true,"href":"https:\/\/www.photoethistoire.eu\/14-18\/wp-json\/wp\/v2\/comments?post=787"}],"version-history":[{"count":1,"href":"https:\/\/www.photoethistoire.eu\/14-18\/wp-json\/wp\/v2\/posts\/787\/revisions"}],"predecessor-version":[{"id":788,"href":"https:\/\/www.photoethistoire.eu\/14-18\/wp-json\/wp\/v2\/posts\/787\/revisions\/788"}],"wp:attachment":[{"href":"https:\/\/www.photoethistoire.eu\/14-18\/wp-json\/wp\/v2\/media?parent=787"}],"wp:term":[{"taxonomy":"category","embeddable":true,"href":"https:\/\/www.photoethistoire.eu\/14-18\/wp-json\/wp\/v2\/categories?post=787"},{"taxonomy":"post_tag","embeddable":true,"href":"https:\/\/www.photoethistoire.eu\/14-18\/wp-json\/wp\/v2\/tags?post=787"}],"curies":[{"name":"wp","href":"https:\/\/api.w.org\/{rel}","templated":true}]}}