{"id":789,"date":"2009-04-15T14:08:21","date_gmt":"2009-04-15T13:08:21","guid":{"rendered":"http:\/\/www.photoethistoire.eu\/14-18\/?p=789"},"modified":"2016-05-20T09:06:45","modified_gmt":"2016-05-20T08:06:45","slug":"scenes-de-tranchees","status":"publish","type":"post","link":"https:\/\/www.photoethistoire.eu\/14-18\/2009\/04\/scenes-de-tranchees\/","title":{"rendered":"Sc\u00e8nes de tranch\u00e9es"},"content":{"rendered":"<div class=\"image_block\" style=\"text-align: center;\"><img loading=\"lazy\" decoding=\"async\" class=\"aligncenter\" title=\"\" src=\"http:\/\/www.photoethistoire.eu\/blogs\/media\/blogs\/a\/trancheesoldats3.jpg\" alt=\"\" width=\"600\" height=\"376\" \/>Moment de d\u00e9tente, on pose pour le photographe.<\/div>\n<div class=\"image_block\">\n<p><img loading=\"lazy\" decoding=\"async\" class=\"aligncenter\" title=\"\" src=\"http:\/\/www.photoethistoire.eu\/blogs\/media\/blogs\/a\/trancheesoldats1.jpg\" alt=\"\" width=\"423\" height=\"600\" \/><\/p>\n<p style=\"text-align: center;\">L&rsquo;aum\u00f4nier et l&rsquo;infirmier<\/p>\n<hr \/>\n<p style=\"text-align: left;\"><em>N\u00e9gatifs scann\u00e9s en positif. Nom du photographe inconnu<\/em><\/p>\n<hr \/>\n<p style=\"text-align: left;\">\n<\/div>\n","protected":false},"excerpt":{"rendered":"<p>Moment de d\u00e9tente, on pose pour le photographe. L&rsquo;aum\u00f4nier et l&rsquo;infirmier N\u00e9gatifs scann\u00e9s en positif. Nom du photographe inconnu<\/p>\n","protected":false},"author":1,"featured_media":0,"comment_status":"closed","ping_status":"open","sticky":false,"template":"","format":"standard","meta":{"footnotes":""},"categories":[27],"tags":[],"class_list":["post-789","post","type-post","status-publish","format-standard","hentry","category-photo14"],"_links":{"self":[{"href":"https:\/\/www.photoethistoire.eu\/14-18\/wp-json\/wp\/v2\/posts\/789","targetHints":{"allow":["GET"]}}],"collection":[{"href":"https:\/\/www.photoethistoire.eu\/14-18\/wp-json\/wp\/v2\/posts"}],"about":[{"href":"https:\/\/www.photoethistoire.eu\/14-18\/wp-json\/wp\/v2\/types\/post"}],"author":[{"embeddable":true,"href":"https:\/\/www.photoethistoire.eu\/14-18\/wp-json\/wp\/v2\/users\/1"}],"replies":[{"embeddable":true,"href":"https:\/\/www.photoethistoire.eu\/14-18\/wp-json\/wp\/v2\/comments?post=789"}],"version-history":[{"count":2,"href":"https:\/\/www.photoethistoire.eu\/14-18\/wp-json\/wp\/v2\/posts\/789\/revisions"}],"predecessor-version":[{"id":791,"href":"https:\/\/www.photoethistoire.eu\/14-18\/wp-json\/wp\/v2\/posts\/789\/revisions\/791"}],"wp:attachment":[{"href":"https:\/\/www.photoethistoire.eu\/14-18\/wp-json\/wp\/v2\/media?parent=789"}],"wp:term":[{"taxonomy":"category","embeddable":true,"href":"https:\/\/www.photoethistoire.eu\/14-18\/wp-json\/wp\/v2\/categories?post=789"},{"taxonomy":"post_tag","embeddable":true,"href":"https:\/\/www.photoethistoire.eu\/14-18\/wp-json\/wp\/v2\/tags?post=789"}],"curies":[{"name":"wp","href":"https:\/\/api.w.org\/{rel}","templated":true}]}}