{"id":79,"date":"2014-12-15T12:18:23","date_gmt":"2014-12-15T11:18:23","guid":{"rendered":"http:\/\/www.photoethistoire.eu\/14-18\/?p=79"},"modified":"2016-05-20T09:01:29","modified_gmt":"2016-05-20T08:01:29","slug":"p-a-mouthy","status":"publish","type":"post","link":"https:\/\/www.photoethistoire.eu\/14-18\/2014\/12\/p-a-mouthy\/","title":{"rendered":"P.A. MOUTHY"},"content":{"rendered":"<p>La citation d\u00e9cern\u00e9e cet adjudant a \u00e9t\u00e9 d\u00e9couverte en parcourant les pages de<a href=\"http:\/\/gallica.bnf.fr\/\">Gallica <\/a>(Biblioth\u00e8que nationale de France). Il a sans doute lui aussi surv\u00e9cu \u00e0 la guerre.<\/p>\n<p>Pour son courage il avait fait l&rsquo;objet d&rsquo;une citation en ces termes :<\/p>\n<p><strong><i>Adjudant au 403e R.I Vieux serviteur ayant de nombreuses campagnes coloniales (16) A \u00e9t\u00e9 bless\u00e9 le 1er septembre 1914 de trois \u00e9clats d&rsquo;obus. Excellent chef de section vigoureux, \u00e9nergique.\u00a0\u00bb<\/i><\/strong><\/p>\n<p>Il a \u00e9t\u00e9 d\u00e9cor\u00e9 de la Croix de Guerre.<\/p>\n<p><i>(Source : gallica.bnf. fr &#8211; extrait du journal \u00ab\u00a0Le Figaro\u00a0\u00bb du 08\/08\/1915.)<\/i><\/p>\n","protected":false},"excerpt":{"rendered":"<p>La citation d\u00e9cern\u00e9e cet adjudant a \u00e9t\u00e9 d\u00e9couverte en parcourant les pages deGallica (Biblioth\u00e8que nationale de France). Il a sans doute lui aussi surv\u00e9cu \u00e0 la guerre. Pour son courage il avait fait l&rsquo;objet d&rsquo;une citation en ces termes : &hellip; <a href=\"https:\/\/www.photoethistoire.eu\/14-18\/2014\/12\/p-a-mouthy\/\">Lire la suite <span class=\"meta-nav\">&rarr;<\/span><\/a><\/p>\n","protected":false},"author":1,"featured_media":0,"comment_status":"closed","ping_status":"open","sticky":false,"template":"","format":"standard","meta":{"footnotes":""},"categories":[20],"tags":[],"class_list":["post-79","post","type-post","status-publish","format-standard","hentry","category-cita"],"_links":{"self":[{"href":"https:\/\/www.photoethistoire.eu\/14-18\/wp-json\/wp\/v2\/posts\/79","targetHints":{"allow":["GET"]}}],"collection":[{"href":"https:\/\/www.photoethistoire.eu\/14-18\/wp-json\/wp\/v2\/posts"}],"about":[{"href":"https:\/\/www.photoethistoire.eu\/14-18\/wp-json\/wp\/v2\/types\/post"}],"author":[{"embeddable":true,"href":"https:\/\/www.photoethistoire.eu\/14-18\/wp-json\/wp\/v2\/users\/1"}],"replies":[{"embeddable":true,"href":"https:\/\/www.photoethistoire.eu\/14-18\/wp-json\/wp\/v2\/comments?post=79"}],"version-history":[{"count":1,"href":"https:\/\/www.photoethistoire.eu\/14-18\/wp-json\/wp\/v2\/posts\/79\/revisions"}],"predecessor-version":[{"id":80,"href":"https:\/\/www.photoethistoire.eu\/14-18\/wp-json\/wp\/v2\/posts\/79\/revisions\/80"}],"wp:attachment":[{"href":"https:\/\/www.photoethistoire.eu\/14-18\/wp-json\/wp\/v2\/media?parent=79"}],"wp:term":[{"taxonomy":"category","embeddable":true,"href":"https:\/\/www.photoethistoire.eu\/14-18\/wp-json\/wp\/v2\/categories?post=79"},{"taxonomy":"post_tag","embeddable":true,"href":"https:\/\/www.photoethistoire.eu\/14-18\/wp-json\/wp\/v2\/tags?post=79"}],"curies":[{"name":"wp","href":"https:\/\/api.w.org\/{rel}","templated":true}]}}