{"id":792,"date":"2009-04-20T14:11:35","date_gmt":"2009-04-20T13:11:35","guid":{"rendered":"http:\/\/www.photoethistoire.eu\/14-18\/?p=792"},"modified":"2025-10-30T20:07:41","modified_gmt":"2025-10-30T19:07:41","slug":"evacuation-du-camp-de-saal-am-donau","status":"publish","type":"post","link":"https:\/\/www.photoethistoire.eu\/14-18\/2009\/04\/evacuation-du-camp-de-saal-am-donau\/","title":{"rendered":"Evacuation du camp de Saal an der Donau"},"content":{"rendered":"<div class=\"image_block\"><img loading=\"lazy\" decoding=\"async\" class=\"aligncenter\" title=\"\" src=\"http:\/\/www.photoethistoire.eu\/blogs\/media\/blogs\/a\/insigflo.jpg\" alt=\"\" width=\"150\" height=\"133\" \/><\/div>\n<p>Il y a 64 ans, devant l&rsquo;avanc\u00e9e conjointe des troupes sovi\u00e9tiques et am\u00e9ricaines, les nazis ont proc\u00e9d\u00e9 \u00e0 l&rsquo;\u00e9vacuation des camps de concentration. Celle de Saal\/Donau (*) vers le camp de Dachau a eu lieu \u00e0 la mi-avril. Mon p\u00e8re faisait partie des \u00ab\u00a0\u00e9vacu\u00e9s\u00a0\u00bb, voici son t\u00e9moignage :<\/p>\n<p><em>[..] Un matin, les Allemands nous ont averti que le camp devait \u00eatre \u00e9vacu\u00e9 et que le trajet devait se faire soit \u00e0 pied, soit en camion. J&rsquo;ai choisi de partir \u00e0 pied, mon copain, lui, voulait partir en camion. Je lui ai fait remarquer que je ne voyais vraiment pas comment ils feraient pour trouver des camions alors que les prisonniers qui arrivaient d&rsquo;un peu partout arrivaient tous \u00e0 pied. De plus nous n&rsquo;\u00e9tions que des prisonniers politiques pour les Allemands dont ils ne se souciaient pas beaucoup. J&rsquo;ai pu convaincre le Fran\u00e7ais qui \u00e9tait avec moi qu&rsquo;il serait plus raisonnable de partir \u00e0 pied.<\/em><\/p>\n<p><em>Je dois dire que nous n&rsquo;avons jamais revu les prisonniers qui avaient choisi d&rsquo;\u00eatre transport\u00e9s en camions.<\/em><\/p>\n<p><em>Le trajet pour arriver \u00e0 la gare devait bien faire quelques kilom\u00e8tres. Durant cette marche, plusieurs prisonniers sont morts d&rsquo;\u00e9puisement ou abattus par les SS. Nous \u00e9tions dans un tel \u00e9tat d&rsquo;affaiblissement que le fait de marcher devenait un v\u00e9ritable calvaire. Pour pouvoir manger, nous avions rempli nos poches d&rsquo;herbes que nous arrachions sur les bords du chemin et de sel (qui je pense devait servir \u00e0 d\u00e9geler les routes).<\/em><\/p>\n<p><em>J&rsquo;avais choisi une place au d\u00e9but de la colonne parce que, au fur et \u00e0 mesure que l&rsquo;on avan\u00e7ait, on reculait automatiquement vers la fin de la colonne qui \u00e9tait ferm\u00e9e par une ligne de SS qui abattaient tous ceux qui avaient le malheur d&rsquo;\u00eatre rejoints. Les SS marchaient \u00e0 peu pr\u00e8s cent m\u00e8tres derri\u00e8re la colonne. Pendant le trajet vers la gare nous avons encore perdu plusieurs compagnons. Nous y sommes enfin arriv\u00e9s o\u00f9, par chance, nous avons retrouv\u00e9 un train de marchandise avec des wagons qui heureusement n&rsquo;avaient pas de toit. Je ne crois pas que nous serions jamais arriv\u00e9 \u00e0 destination si nous avions eu des wagons compl\u00e8tement ferm\u00e9s.<\/em><\/p>\n<p><em>Moi je me suis pr\u00e9cipit\u00e9 dans un coin du wagon. J&rsquo;avais pli\u00e9 ma couverture que j&rsquo;ai mise sous moi. Je n&rsquo;ai plus boug\u00e9 jusqu&rsquo;\u00e0 ce que le train soit bien parti. Ce voyage a dur\u00e9 plusieurs jours, pratiquement sans nourriture, \u00e0 part quelques pommes de terre crues que les gardiens jetaient de temps en temps dans le wagon ce qui provoquait une bagarre ph\u00e9nom\u00e9nale. Ceci augmentait encore le nombre de morts. Une seule fois, j&rsquo;ai voulu attraper une pomme de terre, mais j&rsquo;ai tellement d\u00fb me bagarrer pour retrouver ma place que j&rsquo;ai d\u00e9cid\u00e9 de ne plus faire d&rsquo;effort pour un r\u00e9sultat aussi n\u00e9gatif. Le voyage fut tr\u00e8s \u00e9prouvant. De plus, la plupart des prisonniers sont morts pendant ce voyage. En fait, quand nous sommes arriv\u00e9s \u00e0 destination, ce n&rsquo;\u00e9tait pratiquement plus qu&rsquo;un transport de cadavres.<\/em><\/p>\n<p><em>Ce trajet a certainement dur\u00e9 six ou sept jours. Pendant la journ\u00e9e nous \u00e9tions survol\u00e9s par des avions am\u00e9ricains qui descendaient pour, je pense, s&rsquo;assurer que ce n&rsquo;\u00e9tait pas un train de troupes parce que nous n&rsquo;avons pas \u00e9t\u00e9 bombard\u00e9s. Mais, en revanche, nous avons \u00e9t\u00e9 mitraill\u00e9s. Je pense que c&rsquo;\u00e9tait de la part des avions am\u00e9ricains une forme de dissuasion. Du moins je le suppose.<\/em><\/p>\n<p><em>En fin de compte, nous sommes arriv\u00e9s \u00e0 Dachau. Comme je l&rsquo;ai d\u00e9j\u00e0 expliqu\u00e9, notre convoi n&rsquo;\u00e9tait plus qu&rsquo;un convoi de mourants et de morts. Quand je me suis extrait du wagon, nous n&rsquo;\u00e9tions plus que quatre survivants sur 80. Et je suis bien certain que c&rsquo;\u00e9tait certainement pareil dans les autres wagons vu que nous \u00e9tions rest\u00e9s presque sept jours sans nourriture.<\/em><\/p>\n<p><em>En descendant du wagon je suis rest\u00e9 accroch\u00e9 avec ma veste et suspendu dans le vide. Un Allemand m&rsquo;a arrach\u00e9 de ma position et je suis heureusement retomb\u00e9 de l&rsquo;autre c\u00f4t\u00e9 de la ligne form\u00e9e par les soldats qui surveillaient le d\u00e9chargement [..]<\/em><\/p>\n<p>Dans le camp de Saal, cr\u00e9\u00e9 en novembre 1944, il y aurait eu, par moments, un peu plus de 600 hommes prisonniers en m\u00eame temps. Apr\u00e8s la guerre on a seulement retrouv\u00e9 20 corps et les cendres de 360 personnes.<\/p>\n<p>Selon certaines sources le camp se situait dans les environs de la route qui reliait\u00a0<strong>Saal am der Donau<\/strong> au village de <strong>Teugn<\/strong><\/p>\n<hr \/>\n<p>(*) Annexe du camp de Flossenb\u00fcrg)<\/p>\n<hr \/>\n<p>&nbsp;<\/p>\n<div id=\"ConnectiveDocSignExtentionInstalled\" data-extension-version=\"1.0.4\"><\/div>\n","protected":false},"excerpt":{"rendered":"<p>Il y a 64 ans, devant l&rsquo;avanc\u00e9e conjointe des troupes sovi\u00e9tiques et am\u00e9ricaines, les nazis ont proc\u00e9d\u00e9 \u00e0 l&rsquo;\u00e9vacuation des camps de concentration. Celle de Saal\/Donau (*) vers le camp de Dachau a eu lieu \u00e0 la mi-avril. Mon p\u00e8re &hellip; <a href=\"https:\/\/www.photoethistoire.eu\/14-18\/2009\/04\/evacuation-du-camp-de-saal-am-donau\/\">Lire la suite <span class=\"meta-nav\">&rarr;<\/span><\/a><\/p>\n","protected":false},"author":1,"featured_media":0,"comment_status":"closed","ping_status":"open","sticky":false,"template":"","format":"standard","meta":{"footnotes":""},"categories":[1,66],"tags":[],"class_list":["post-792","post","type-post","status-publish","format-standard","hentry","category-chemins","category-tem-40-45"],"_links":{"self":[{"href":"https:\/\/www.photoethistoire.eu\/14-18\/wp-json\/wp\/v2\/posts\/792","targetHints":{"allow":["GET"]}}],"collection":[{"href":"https:\/\/www.photoethistoire.eu\/14-18\/wp-json\/wp\/v2\/posts"}],"about":[{"href":"https:\/\/www.photoethistoire.eu\/14-18\/wp-json\/wp\/v2\/types\/post"}],"author":[{"embeddable":true,"href":"https:\/\/www.photoethistoire.eu\/14-18\/wp-json\/wp\/v2\/users\/1"}],"replies":[{"embeddable":true,"href":"https:\/\/www.photoethistoire.eu\/14-18\/wp-json\/wp\/v2\/comments?post=792"}],"version-history":[{"count":6,"href":"https:\/\/www.photoethistoire.eu\/14-18\/wp-json\/wp\/v2\/posts\/792\/revisions"}],"predecessor-version":[{"id":2540,"href":"https:\/\/www.photoethistoire.eu\/14-18\/wp-json\/wp\/v2\/posts\/792\/revisions\/2540"}],"wp:attachment":[{"href":"https:\/\/www.photoethistoire.eu\/14-18\/wp-json\/wp\/v2\/media?parent=792"}],"wp:term":[{"taxonomy":"category","embeddable":true,"href":"https:\/\/www.photoethistoire.eu\/14-18\/wp-json\/wp\/v2\/categories?post=792"},{"taxonomy":"post_tag","embeddable":true,"href":"https:\/\/www.photoethistoire.eu\/14-18\/wp-json\/wp\/v2\/tags?post=792"}],"curies":[{"name":"wp","href":"https:\/\/api.w.org\/{rel}","templated":true}]}}