{"id":81,"date":"2014-12-15T12:03:55","date_gmt":"2014-12-15T11:03:55","guid":{"rendered":"http:\/\/www.photoethistoire.eu\/14-18\/?p=81"},"modified":"2016-05-20T09:01:29","modified_gmt":"2016-05-20T08:01:29","slug":"victor-emile-anger","status":"publish","type":"post","link":"https:\/\/www.photoethistoire.eu\/14-18\/2014\/12\/victor-emile-anger\/","title":{"rendered":"Victor, Emile ANGER"},"content":{"rendered":"<p>Ce soldat originaire de Luneray a eu la chance de survivre \u00e0 la Grande Guerre. Au 129e R.I en ao\u00fbt 1914, il a rejoint les rangs du 403e R.I en avril 1916 et c&rsquo;est au sein de ce r\u00e9giment, qu&rsquo;il a fait l&rsquo;objet des deux citations qui suivent :<\/p>\n<p>1\u00e8re citation :<strong> <i>\u00ab\u00a0Mitrailleur courageux et brave, s&rsquo;est distingu\u00e9 en maintes circonstances et notamment dans les premiers jours de juin 1916 o\u00f9 il a fait preuve d&rsquo;un sang-froid admirable\u00a0\u00bb.<\/i><\/strong><\/p>\n<p>2\u00e8me citation :<strong> <i>Soldat d&rsquo;un calme et d&rsquo;un sang-froid remarquables s&rsquo;est vaillamment comport\u00e9 au cours des journ\u00e9es du 21 au 30 mai 1918. S&rsquo;est \u00e9galement distingu\u00e9 au cours de la contre-attaque du 8 juin 1916&Prime;<\/i><\/strong><\/p>\n<p>Il a \u00e9t\u00e9 d\u00e9cor\u00e9 de la Croix de guerre avec \u00e9toile de bronze et d&rsquo;argent.<\/p>\n<p><i>(Sources: Archives d\u00e9partementales de Seine-Maritime)<\/i><\/p>\n","protected":false},"excerpt":{"rendered":"<p>Ce soldat originaire de Luneray a eu la chance de survivre \u00e0 la Grande Guerre. Au 129e R.I en ao\u00fbt 1914, il a rejoint les rangs du 403e R.I en avril 1916 et c&rsquo;est au sein de ce r\u00e9giment, qu&rsquo;il &hellip; <a href=\"https:\/\/www.photoethistoire.eu\/14-18\/2014\/12\/victor-emile-anger\/\">Lire la suite <span class=\"meta-nav\">&rarr;<\/span><\/a><\/p>\n","protected":false},"author":1,"featured_media":0,"comment_status":"closed","ping_status":"open","sticky":false,"template":"","format":"standard","meta":{"footnotes":""},"categories":[20],"tags":[],"class_list":["post-81","post","type-post","status-publish","format-standard","hentry","category-cita"],"_links":{"self":[{"href":"https:\/\/www.photoethistoire.eu\/14-18\/wp-json\/wp\/v2\/posts\/81","targetHints":{"allow":["GET"]}}],"collection":[{"href":"https:\/\/www.photoethistoire.eu\/14-18\/wp-json\/wp\/v2\/posts"}],"about":[{"href":"https:\/\/www.photoethistoire.eu\/14-18\/wp-json\/wp\/v2\/types\/post"}],"author":[{"embeddable":true,"href":"https:\/\/www.photoethistoire.eu\/14-18\/wp-json\/wp\/v2\/users\/1"}],"replies":[{"embeddable":true,"href":"https:\/\/www.photoethistoire.eu\/14-18\/wp-json\/wp\/v2\/comments?post=81"}],"version-history":[{"count":1,"href":"https:\/\/www.photoethistoire.eu\/14-18\/wp-json\/wp\/v2\/posts\/81\/revisions"}],"predecessor-version":[{"id":82,"href":"https:\/\/www.photoethistoire.eu\/14-18\/wp-json\/wp\/v2\/posts\/81\/revisions\/82"}],"wp:attachment":[{"href":"https:\/\/www.photoethistoire.eu\/14-18\/wp-json\/wp\/v2\/media?parent=81"}],"wp:term":[{"taxonomy":"category","embeddable":true,"href":"https:\/\/www.photoethistoire.eu\/14-18\/wp-json\/wp\/v2\/categories?post=81"},{"taxonomy":"post_tag","embeddable":true,"href":"https:\/\/www.photoethistoire.eu\/14-18\/wp-json\/wp\/v2\/tags?post=81"}],"curies":[{"name":"wp","href":"https:\/\/api.w.org\/{rel}","templated":true}]}}