{"id":847,"date":"2008-11-06T09:07:59","date_gmt":"2008-11-06T08:07:59","guid":{"rendered":"http:\/\/www.photoethistoire.eu\/14-18\/?p=847"},"modified":"2016-05-20T09:07:10","modified_gmt":"2016-05-20T08:07:10","slug":"landrichamps-f","status":"publish","type":"post","link":"https:\/\/www.photoethistoire.eu\/14-18\/2008\/11\/landrichamps-f\/","title":{"rendered":"Landrichamps (F)"},"content":{"rendered":"<p>Dans le petit cimeti\u00e8re de Landrichamps, le monument \u00e0 la m\u00e9moire de deux enfants du pays<\/p>\n<div class=\"image_block\">\n<p style=\"text-align: center;\"><img loading=\"lazy\" decoding=\"async\" class=\"aligncenter\" title=\"\" src=\"http:\/\/www.photoethistoire.eu\/blogs\/media\/blogs\/a\/monuments\/landrichamp.jpg\" alt=\"\" width=\"400\" height=\"600\" \/><br \/>\n<strong>Paul, Andr\u00e9 PAULET<\/strong><br \/>\n2e classe \u00e0 la 8e Cie du 148e RI<br \/>\nTu\u00e9 \u00e0 l&rsquo;ennemi le 27 ao\u00fbt 1914 aux environs de Givet<br \/>\nDisparu<\/p>\n<p style=\"text-align: center;\">et<\/p>\n<p style=\"text-align: center;\"><strong>Raymond CHARLOT<\/strong><br \/>\nMort pour la France lors du conflit de 40-45<\/p>\n<\/div>\n","protected":false},"excerpt":{"rendered":"<p>Dans le petit cimeti\u00e8re de Landrichamps, le monument \u00e0 la m\u00e9moire de deux enfants du pays Paul, Andr\u00e9 PAULET 2e classe \u00e0 la 8e Cie du 148e RI Tu\u00e9 \u00e0 l&rsquo;ennemi le 27 ao\u00fbt 1914 aux environs de Givet Disparu &hellip; <a href=\"https:\/\/www.photoethistoire.eu\/14-18\/2008\/11\/landrichamps-f\/\">Lire la suite <span class=\"meta-nav\">&rarr;<\/span><\/a><\/p>\n","protected":false},"author":1,"featured_media":0,"comment_status":"closed","ping_status":"open","sticky":false,"template":"","format":"standard","meta":{"footnotes":""},"categories":[21],"tags":[],"class_list":["post-847","post","type-post","status-publish","format-standard","hentry","category-necropo"],"_links":{"self":[{"href":"https:\/\/www.photoethistoire.eu\/14-18\/wp-json\/wp\/v2\/posts\/847","targetHints":{"allow":["GET"]}}],"collection":[{"href":"https:\/\/www.photoethistoire.eu\/14-18\/wp-json\/wp\/v2\/posts"}],"about":[{"href":"https:\/\/www.photoethistoire.eu\/14-18\/wp-json\/wp\/v2\/types\/post"}],"author":[{"embeddable":true,"href":"https:\/\/www.photoethistoire.eu\/14-18\/wp-json\/wp\/v2\/users\/1"}],"replies":[{"embeddable":true,"href":"https:\/\/www.photoethistoire.eu\/14-18\/wp-json\/wp\/v2\/comments?post=847"}],"version-history":[{"count":1,"href":"https:\/\/www.photoethistoire.eu\/14-18\/wp-json\/wp\/v2\/posts\/847\/revisions"}],"predecessor-version":[{"id":848,"href":"https:\/\/www.photoethistoire.eu\/14-18\/wp-json\/wp\/v2\/posts\/847\/revisions\/848"}],"wp:attachment":[{"href":"https:\/\/www.photoethistoire.eu\/14-18\/wp-json\/wp\/v2\/media?parent=847"}],"wp:term":[{"taxonomy":"category","embeddable":true,"href":"https:\/\/www.photoethistoire.eu\/14-18\/wp-json\/wp\/v2\/categories?post=847"},{"taxonomy":"post_tag","embeddable":true,"href":"https:\/\/www.photoethistoire.eu\/14-18\/wp-json\/wp\/v2\/tags?post=847"}],"curies":[{"name":"wp","href":"https:\/\/api.w.org\/{rel}","templated":true}]}}